{"id":91936,"date":"2023-11-10T12:01:40","date_gmt":"2023-11-10T07:01:40","guid":{"rendered":"https:\/\/zamanturkmenistan.com.tm\/?p=91936"},"modified":"2023-11-10T12:01:40","modified_gmt":"2023-11-10T07:01:40","slug":"emeli-an-tehnologiyasynyn-taze-nusgasy","status":"publish","type":"post","link":"https:\/\/zamanturkmenistan.com.tm\/?p=91936","title":{"rendered":"Eme\u00adli a\u0148 teh\u00adno\u00adlo\u00adgi\u00ad\u00fda\u00adsy\u00adny\u0148 t\u00e4\u00adze nus\u00adga\u00adsy"},"content":{"rendered":"<p>D\u00fcn\u00ad\u00fd\u00e4\u00adni\u0148 i\u0148 uly eme\u00adli a\u0148 kom\u00adpa\u00adni\u00ad\u00fda\u00adsy bo\u00adlan \u00abOpe\u00adnAI\u00bb tekst d\u00f6\u00adred\u00ad\u00fd\u00e4n eme\u00adli a\u0148 bo\u00adlan \u00abGPT-4\u00bb-i\u0148 k\u00e4\u00admil\u00adle\u015f\u00addi\u00adri\u00adlen nus\u00adga\u00adsy\u00adny ta\u00adny\u015f\u00addyr\u00addy. \u00abGPT-4 Tur\u00adbo\u00bb at\u00adly bu nus\u00adga\u00adny\u0148 has ar\u00adzan we k\u00e4\u00admil\u00addi\u00adgi m\u00e4\u00adlim edil\u00addi. Bu nus\u00adga t\u00e4\u00adze mag\u00adlu\u00admat\u00adlar bi\u00adlen oka\u00addy\u00adlyp, \u015fu \u00fdy\u00adly\u0148 ap\u00adrel a\u00fdyn\u00adda\u00adky mag\u00adlu\u00admat\u00adla\u00adra esas\u00adlan\u00ad\u00fdar. Tekst d\u00f6\u00adre\u00addi\u00adji\u00adni\u0148 \u00fda\u00adkyn wagt\u00adda el\u00ad\u00fde\u00adter\u00adli bol\u00adjak\u00addy\u00adgy m\u00e4\u00adlim edil\u00addi. \u00abGPT-4 Tur\u00adbo\u00bb-ny\u0148 iki nus\u00adga\u00adsy bo\u00adlar. Ola\u00adry\u0148 bi\u00adri do\u00adlu\u00adly\u00adgy\u00adna teks\u00adti sel\u00adjer\u00ad\u00fd\u00e4n bol\u00adsa, be\u00fd\u00adle\u00adki\u00adsi tekst bi\u00adlen su\u00adrat\u00adla\u00adry\u0148 ara\u00adsyn\u00adda\u00adky bag\u00adla\u00adny\u00ad\u015fy\u00adga d\u00fc\u00ad\u015f\u00fcn\u00ad\u00fd\u00e4r. Be\u00fd\u00adle\u00adki \u00e4h\u00adli dil mo\u00addel\u00adle\u00adri \u00fda\u00adly \u00abGPT-4 Tur\u00adbo\u00bb hem s\u00f6z\u00adle\u00adri \u00e7ak\u00adla\u00ad\u00fdan sta\u00adtis\u00adti\u00adka gu\u00adra\u00adly bo\u00adlup, teh\u00adno\u00adlo\u00adgi\u00ad\u00fda in\u00adter\u00adnet\u00add\u00e4\u00adki mag\u00adlu\u00admat\u00adlar bi\u00adlen \u00aboka\u00addy\u00adlyp\u00addyr\u00bb.<\/p>\n<p style=\"text-align: right;\"><strong>A\u00fd\u00adja\u00adhan BEG\u00adMY\u00adRA\u00adDO\u00adWA, <\/strong><br \/>\n<strong>Aba An\u00adna\u00ad\u00fdew adyn\u00adda\u00adky Hal\u00adka\u00adra at\u00ad\u00e7y\u00adlyk aka\u00adde\u00admi\u00ad\u00fda\u00adsy\u00adny\u0148 ta\u00adly\u00adby.<\/strong><\/p>\n","protected":false},"excerpt":{"rendered":"<p>D\u00fcn\u00ad\u00fd\u00e4\u00adni\u0148 i\u0148 uly eme\u00adli a\u0148 kom\u00adpa\u00adni\u00ad\u00fda\u00adsy bo\u00adlan \u00abOpe\u00adnAI\u00bb tekst d\u00f6\u00adred\u00ad\u00fd\u00e4n eme\u00adli a\u0148 bo\u00adlan \u00abGPT-4\u00bb-i\u0148 k\u00e4\u00admil\u00adle\u015f\u00addi\u00adri\u00adlen nus\u00adga\u00adsy\u00adny ta\u00adny\u015f\u00addyr\u00addy. \u00abGPT-4 Tur\u00adbo\u00bb at\u00adly bu nus\u00adga\u00adny\u0148 has ar\u00adzan we k\u00e4\u00admil\u00addi\u00adgi m\u00e4\u00adlim edil\u00addi. Bu nus\u00adga t\u00e4\u00adze mag\u00adlu\u00admat\u00adlar bi\u00adlen oka\u00addy\u00adlyp, \u015fu \u00fdy\u00adly\u0148 ap\u00adrel a\u00fdyn\u00adda\u00adky mag\u00adlu\u00admat\u00adla\u00adra esas\u00adlan\u00ad\u00fdar. Tekst d\u00f6\u00adre\u00addi\u00adji\u00adni\u0148 \u00fda\u00adkyn wagt\u00adda el\u00ad\u00fde\u00adter\u00adli bol\u00adjak\u00addy\u00adgy m\u00e4\u00adlim edil\u00addi. \u00abGPT-4 Tur\u00adbo\u00bb-ny\u0148 iki nus\u00adga\u00adsy bo\u00adlar. Ola\u00adry\u0148 bi\u00adri [&hellip;]<\/p>\n","protected":false},"author":2,"featured_media":91937,"comment_status":"open","ping_status":"closed","sticky":false,"template":"","format":"standard","meta":{"footnotes":""},"categories":[8],"tags":[],"acf":[],"_links":{"self":[{"href":"https:\/\/zamanturkmenistan.com.tm\/index.php?rest_route=\/wp\/v2\/posts\/91936"}],"collection":[{"href":"https:\/\/zamanturkmenistan.com.tm\/index.php?rest_route=\/wp\/v2\/posts"}],"about":[{"href":"https:\/\/zamanturkmenistan.com.tm\/index.php?rest_route=\/wp\/v2\/types\/post"}],"author":[{"embeddable":true,"href":"https:\/\/zamanturkmenistan.com.tm\/index.php?rest_route=\/wp\/v2\/users\/2"}],"replies":[{"embeddable":true,"href":"https:\/\/zamanturkmenistan.com.tm\/index.php?rest_route=%2Fwp%2Fv2%2Fcomments&post=91936"}],"version-history":[{"count":1,"href":"https:\/\/zamanturkmenistan.com.tm\/index.php?rest_route=\/wp\/v2\/posts\/91936\/revisions"}],"predecessor-version":[{"id":91938,"href":"https:\/\/zamanturkmenistan.com.tm\/index.php?rest_route=\/wp\/v2\/posts\/91936\/revisions\/91938"}],"wp:featuredmedia":[{"embeddable":true,"href":"https:\/\/zamanturkmenistan.com.tm\/index.php?rest_route=\/wp\/v2\/media\/91937"}],"wp:attachment":[{"href":"https:\/\/zamanturkmenistan.com.tm\/index.php?rest_route=%2Fwp%2Fv2%2Fmedia&parent=91936"}],"wp:term":[{"taxonomy":"category","embeddable":true,"href":"https:\/\/zamanturkmenistan.com.tm\/index.php?rest_route=%2Fwp%2Fv2%2Fcategories&post=91936"},{"taxonomy":"post_tag","embeddable":true,"href":"https:\/\/zamanturkmenistan.com.tm\/index.php?rest_route=%2Fwp%2Fv2%2Ftags&post=91936"}],"curies":[{"name":"wp","href":"https:\/\/api.w.org\/{rel}","templated":true}]}}