{"id":91951,"date":"2023-11-10T12:09:56","date_gmt":"2023-11-10T07:09:56","guid":{"rendered":"https:\/\/zamanturkmenistan.com.tm\/?p=91951"},"modified":"2023-11-10T12:09:56","modified_gmt":"2023-11-10T07:09:56","slug":"2024-nji-yylda-syyahat-edilmeli-in-gowy-yerler","status":"publish","type":"post","link":"https:\/\/zamanturkmenistan.com.tm\/?p=91951","title":{"rendered":"2024-nji \u00fdyl\u00adda sy\u00ad\u00fda\u00adhat edil\u00adme\u00adli i\u0148 go\u00adwy \u00fder\u00adler"},"content":{"rendered":"<p>\u00abNa\u00adtio\u00adnal Ge\u00adog\u00adrap\u00adhic\u00bb ne\u00ad\u015fi\u00adri 2024-nji \u00fdyl\u00adda sy\u00ad\u00fda\u00adhat edil\u00adme\u00adgi mas\u00adla\u00adhat be\u00adril\u00ad\u00fd\u00e4n \u00fder\u00adle\u00adri\u0148 sa\u00adna\u00adwy\u00adny ta\u00fd\u00ad\u00fdar\u00adla\u00addy. Sa\u00adnaw\u00adda 30 \u00fde\u00adri\u0148 ady bo\u00adlup, \u015f\u00e4\u00adher\u00adde da\u00addyp g\u00f6\u00adr\u00fcl\u00adme\u00adli ta\u00adgam\u00adlar \u00fda-da g\u00f6\u00adr\u00fcl\u00adme\u00adgi mas\u00adla\u00adhat be\u00adril\u00ad\u00fd\u00e4n \u00fder\u00adler hem bellenipdir. Sa\u00adnaw\u00adda \u00ddew\u00adro\u00adpa\u00adny\u0148 so\u0148\u00adky \u00fdyl\u00adlar\u00adda sy\u00ad\u00fda\u00adhat\u00ad\u00e7y\u00adlyk ba\u00adbat\u00adda \u00f6s\u00ad\u00fd\u00e4n \u00fdur\u00addy bo\u00adlan Al\u00adba\u00adni\u00ad\u00fda, me\u015f\u00adhur\u00adly\u00adgy bar\u00adha art\u00ad\u00fdan Hy\u00adta\u00ad\u00fdy\u0148 Si\u00adan \u015f\u00e4\u00adhe\u00adri, k\u00f6\u00ad\u00e7e ta\u00adgam\u00adla\u00adry bi\u00adlen k\u00f6p\u00adle\u00adri\u0148 \u00fcn\u00ads\u00fc\u00adni \u00e7ek\u00ad\u00fd\u00e4n Ta\u00fd\u00adwa\u00adny\u0148 Ta\u00fd\u00adnan \u015f\u00e4\u00adhe\u00adri \u00fda\u00adly \u00fder\u00adler bar. Bel\u00adli bir ter\u00adtip bi\u00adlen be\u00adril\u00adme\u00addik sa\u00adnaw\u00adda Ita\u00adli\u00ad\u00fda\u00adny\u0148 Emi\u00adli\u00ad\u00fda-Ro\u00adman\u00ad\u00fda we\u00adla\u00ad\u00fda\u00adty, De\u00admir\u00adga\u00adzyk Ir\u00adlan\u00addi\u00ad\u00fda\u00adny\u0148 ikin\u00adji uly \u015f\u00e4\u00adhe\u00adri Bel\u00adfast, \u015eot\u00adlan\u00addi\u00ad\u00fda\u00adny\u0148 Gal\u00adlo\u00adwe\u00fd we G\u00fc\u00adnor\u00adta A\u00fdr\u00ad\u015fir bi\u00ados\u00adfe\u00adra go\u00adrag\u00adha\u00adna\u00adsy, Mek\u00adsi\u00adka\u00adny\u0148 \u00ddu\u00adka\u00adtan \u00fda\u00adrym ada\u00adsy, Nor\u00adwe\u00adgi\u00ad\u00fda\u00adny\u0148 Nur\u00adlann etraby \u00fda\u00adly te\u00adbi\u00adgy ta\u00fd\u00addan \u00f6z\u00fc\u00adne \u00e7e\u00adki\u00adji \u00fder\u00adler bar. \u015ee\u00fd\u00adle hem Ita\u00adli\u00ad\u00fda\u00adda ga\u00addy\u00admy Pom\u00adpei \u015f\u00e4\u00adhe\u00adri\u00adni\u0148 \u00fda\u00addy\u00adg\u00e4r\u00adlik\u00adle\u00adri\u00adni, Ir\u00adlan\u00addi\u00ad\u00fda\u00adda At\u00adlan\u00adtik \u00fdo\u00adlu\u00adny, \u00c7i\u00adli\u00adde Ata\u00adka\u00adma \u00e7\u00f6\u00adl\u00fc\u00adni, Ma\u00adda\u00adgas\u00adkar\u00adda And\u00adre\u00adfa\u00adna to\u00adka\u00fd\u00adla\u00adry\u00adny g\u00f6r\u00admek we Ger\u00adma\u00adni\u00ad\u00fda\u00adda \u00abEuro-2024\u00bb \u00e7em\u00adpio\u00adna\u00adty\u00adna to\u00adma\u00ad\u015fa et\u00admek mas\u00adla\u00adhat be\u00adril\u00ad\u00fd\u00e4r.<\/p>\n<p style=\"text-align: right;\"><strong>A\u00fd\u00adg\u00fcl IL\u00adME\u00adDO\u00adWA, <\/strong><br \/>\n<strong>A\u015f\u00adga\u00adbat \u015f\u00e4\u00adhe\u00adrin\u00add\u00e4\u00adki \u00abOlimp\u00bb or\u00adta sport mek\u00adde\u00adbi\u00adni\u0148 mu\u00adgal\u00adly\u00admy.<\/strong><\/p>\n","protected":false},"excerpt":{"rendered":"<p>\u00abNa\u00adtio\u00adnal Ge\u00adog\u00adrap\u00adhic\u00bb ne\u00ad\u015fi\u00adri 2024-nji \u00fdyl\u00adda sy\u00ad\u00fda\u00adhat edil\u00adme\u00adgi mas\u00adla\u00adhat be\u00adril\u00ad\u00fd\u00e4n \u00fder\u00adle\u00adri\u0148 sa\u00adna\u00adwy\u00adny ta\u00fd\u00ad\u00fdar\u00adla\u00addy. Sa\u00adnaw\u00adda 30 \u00fde\u00adri\u0148 ady bo\u00adlup, \u015f\u00e4\u00adher\u00adde da\u00addyp g\u00f6\u00adr\u00fcl\u00adme\u00adli ta\u00adgam\u00adlar \u00fda-da g\u00f6\u00adr\u00fcl\u00adme\u00adgi mas\u00adla\u00adhat be\u00adril\u00ad\u00fd\u00e4n \u00fder\u00adler hem bellenipdir. Sa\u00adnaw\u00adda \u00ddew\u00adro\u00adpa\u00adny\u0148 so\u0148\u00adky \u00fdyl\u00adlar\u00adda sy\u00ad\u00fda\u00adhat\u00ad\u00e7y\u00adlyk ba\u00adbat\u00adda \u00f6s\u00ad\u00fd\u00e4n \u00fdur\u00addy bo\u00adlan Al\u00adba\u00adni\u00ad\u00fda, me\u015f\u00adhur\u00adly\u00adgy bar\u00adha art\u00ad\u00fdan Hy\u00adta\u00ad\u00fdy\u0148 Si\u00adan \u015f\u00e4\u00adhe\u00adri, k\u00f6\u00ad\u00e7e ta\u00adgam\u00adla\u00adry bi\u00adlen k\u00f6p\u00adle\u00adri\u0148 \u00fcn\u00ads\u00fc\u00adni \u00e7ek\u00ad\u00fd\u00e4n Ta\u00fd\u00adwa\u00adny\u0148 Ta\u00fd\u00adnan \u015f\u00e4\u00adhe\u00adri \u00fda\u00adly \u00fder\u00adler [&hellip;]<\/p>\n","protected":false},"author":2,"featured_media":91952,"comment_status":"open","ping_status":"closed","sticky":false,"template":"","format":"standard","meta":{"footnotes":""},"categories":[5],"tags":[],"acf":[],"_links":{"self":[{"href":"https:\/\/zamanturkmenistan.com.tm\/index.php?rest_route=\/wp\/v2\/posts\/91951"}],"collection":[{"href":"https:\/\/zamanturkmenistan.com.tm\/index.php?rest_route=\/wp\/v2\/posts"}],"about":[{"href":"https:\/\/zamanturkmenistan.com.tm\/index.php?rest_route=\/wp\/v2\/types\/post"}],"author":[{"embeddable":true,"href":"https:\/\/zamanturkmenistan.com.tm\/index.php?rest_route=\/wp\/v2\/users\/2"}],"replies":[{"embeddable":true,"href":"https:\/\/zamanturkmenistan.com.tm\/index.php?rest_route=%2Fwp%2Fv2%2Fcomments&post=91951"}],"version-history":[{"count":1,"href":"https:\/\/zamanturkmenistan.com.tm\/index.php?rest_route=\/wp\/v2\/posts\/91951\/revisions"}],"predecessor-version":[{"id":91953,"href":"https:\/\/zamanturkmenistan.com.tm\/index.php?rest_route=\/wp\/v2\/posts\/91951\/revisions\/91953"}],"wp:featuredmedia":[{"embeddable":true,"href":"https:\/\/zamanturkmenistan.com.tm\/index.php?rest_route=\/wp\/v2\/media\/91952"}],"wp:attachment":[{"href":"https:\/\/zamanturkmenistan.com.tm\/index.php?rest_route=%2Fwp%2Fv2%2Fmedia&parent=91951"}],"wp:term":[{"taxonomy":"category","embeddable":true,"href":"https:\/\/zamanturkmenistan.com.tm\/index.php?rest_route=%2Fwp%2Fv2%2Fcategories&post=91951"},{"taxonomy":"post_tag","embeddable":true,"href":"https:\/\/zamanturkmenistan.com.tm\/index.php?rest_route=%2Fwp%2Fv2%2Ftags&post=91951"}],"curies":[{"name":"wp","href":"https:\/\/api.w.org\/{rel}","templated":true}]}}