{"id":92543,"date":"2023-11-17T15:39:40","date_gmt":"2023-11-17T10:39:40","guid":{"rendered":"https:\/\/zamanturkmenistan.com.tm\/?p=92543"},"modified":"2023-11-17T15:39:40","modified_gmt":"2023-11-17T10:39:40","slug":"halkara-awiasiya-sergisi","status":"publish","type":"post","link":"https:\/\/zamanturkmenistan.com.tm\/?p=92543","title":{"rendered":"Hal\u00adka\u00adra awia\u00adsi\u00ad\u00fda ser\u00adgi\u00adsi"},"content":{"rendered":"<p>Bir\u00adle\u00ad\u015fen Arap Emir\u00adlik\u00adle\u00adri\u00adni\u0148 Du\u00adba\u00fd \u015f\u00e4\u00adhe\u00adrin\u00adde \u00abDu\u00adbai Airs\u00adhow 2023\u00bb at\u00adly hal\u00adka\u00adra awia\u00adsi\u00ad\u00fda ser\u00adgi\u00adsi ge\u00ad\u00e7i\u00adril\u00ad\u00fd\u00e4r. A\u00fdy\u0148 13-ine \u00f6z i\u015fi\u00adne ba\u015f\u00adlan bu hal\u00adka\u00adra \u00e7\u00e4\u00adre \u015fu g\u00fcn \u00f6z i\u015fi\u00adni ta\u00admam\u00adla\u00ad\u00fdar. Ser\u00adg\u00e4 d\u00fcn\u00ad\u00fd\u00e4\u00adni\u0148 k\u00f6p \u00fdur\u00addun\u00addan awia\u00adsi\u00ad\u00fda, kos\u00admos, sy\u00ad\u00fda\u00adhat\u00ad\u00e7y\u00adlyk \u00fda\u00adly ugur\u00adlar\u00adda i\u015f alyp bar\u00ad\u00fdan kom\u00adpa\u00adni\u00ad\u00fda\u00adla\u00adry\u0148 1 m\u00fc\u0148 400-den gow\u00adra\u00adgy gat\u00adna\u015f\u00ad\u00fdar.<br \/>\nSer\u00adg\u00e4 awia\u00adsi\u00ad\u00fda pu\u00adda\u00adgyn\u00adda i\u015f alyp bar\u00ad\u00fdan kom\u00adpa\u00adni\u00ad\u00fda\u00adlar hem gat\u00adna\u00ad\u015fyp, u\u00e7ar \u00f6n\u00add\u00fc\u00adri\u00adji\u00adler bi\u00adlen \u015fert\u00adna\u00adma bag\u00adla\u015f\u00ad\u00fdar\u00adlar. Iki \u00fdyl\u00addan bir ge\u00adzek ge\u00ad\u00e7i\u00adril\u00ad\u00fd\u00e4n \u00e7\u00e4\u00adre\u00adde ada\u00adty u\u00e7ar\u00adlar\u00addan ba\u015f\u00adga-da d\u00fcr\u00adli g\u00f6r\u00adn\u00fc\u015f\u00adli u\u00e7\u00ad\u00fdan en\u00adjam\u00adlar hem-de kos\u00admos g\u00e4\u00admi\u00adle\u00adri, eme\u00adli hem\u00adra\u00adlar we ara\u00adgat\u00adna\u00ad\u015fyk til\u00adsi\u00admat\u00adla\u00adry g\u00f6r\u00adke\u00adzil\u00ad\u00fd\u00e4r. Al-Mak\u00adtum hal\u00adka\u00adra ho\u00adwa men\u00adzi\u00adlin\u00adde ge\u00ad\u00e7i\u00adril\u00ad\u00fd\u00e4n ser\u00adgi\u00adde d\u00fcr\u00adli yla\u00adla\u00ad\u015fyk\u00adla\u00adra hem gol \u00e7e\u00adkil\u00ad\u00fd\u00e4r. Ser\u00adgi\u00adde \u00abSu\u00adnExpress\u00bb awia\u00adkom\u00adpa\u00adni\u00ad\u00fda\u00adsy \u00abBoeing\u00bb-den je\u00admi 90 u\u00e7ar al\u00admak ba\u00adra\u00adda yla\u00adla\u015f\u00addy.<br \/>\n\u015ee\u00fd\u00adle hem Efio\u00adpi\u00ad\u00fda ho\u00adwa \u00fdol\u00adla\u00adry kom\u00adpa\u00adni\u00ad\u00fda\u00adsy \u00abBoeing 737 Max 8\u00bb u\u00e7a\u00adryn\u00addan 20 sa\u00adny\u00adsy\u00adny sar\u00adgyt et\u00addi. Kom\u00adpa\u00adni\u00ad\u00fda 11 sa\u00adny \u00abBoeing 787 Dream\u00adli\u00adner\u00bb u\u00e7a\u00adry\u00adny al\u00admak \u00fc\u00e7in yla\u00adla\u015f\u00addy. Bu yla\u00adla\u00ad\u015fyk ame\u00adri\u00adkan kom\u00adpa\u00adni\u00ad\u00fda\u00adsy\u00adny\u0148 Af\u00adri\u00adka\u00adda\u00adky i\u0148 gym\u00admat \u015fert\u00adna\u00adma\u00adsy bol\u00addy.<\/p>\n<p style=\"text-align: right;\"><strong>Mu\u00adrat\u00adjan JO\u00adRA\u00adKU\u00adLY\u00ad\u00ddEW, <\/strong><br \/>\n<strong>S.A.Ny\u00ad\u00fda\u00adzow adyn\u00adda\u00adky T\u00fcrk\u00admen oba ho\u00adja\u00adlyk uni\u00adwer\u00adsi\u00adte\u00adti\u00adni\u0148 mu\u00adgal\u00adly\u00admy.<\/strong><\/p>\n","protected":false},"excerpt":{"rendered":"<p>Bir\u00adle\u00ad\u015fen Arap Emir\u00adlik\u00adle\u00adri\u00adni\u0148 Du\u00adba\u00fd \u015f\u00e4\u00adhe\u00adrin\u00adde \u00abDu\u00adbai Airs\u00adhow 2023\u00bb at\u00adly hal\u00adka\u00adra awia\u00adsi\u00ad\u00fda ser\u00adgi\u00adsi ge\u00ad\u00e7i\u00adril\u00ad\u00fd\u00e4r. A\u00fdy\u0148 13-ine \u00f6z i\u015fi\u00adne ba\u015f\u00adlan bu hal\u00adka\u00adra \u00e7\u00e4\u00adre \u015fu g\u00fcn \u00f6z i\u015fi\u00adni ta\u00admam\u00adla\u00ad\u00fdar. Ser\u00adg\u00e4 d\u00fcn\u00ad\u00fd\u00e4\u00adni\u0148 k\u00f6p \u00fdur\u00addun\u00addan awia\u00adsi\u00ad\u00fda, kos\u00admos, sy\u00ad\u00fda\u00adhat\u00ad\u00e7y\u00adlyk \u00fda\u00adly ugur\u00adlar\u00adda i\u015f alyp bar\u00ad\u00fdan kom\u00adpa\u00adni\u00ad\u00fda\u00adla\u00adry\u0148 1 m\u00fc\u0148 400-den gow\u00adra\u00adgy gat\u00adna\u015f\u00ad\u00fdar. Ser\u00adg\u00e4 awia\u00adsi\u00ad\u00fda pu\u00adda\u00adgyn\u00adda i\u015f alyp bar\u00ad\u00fdan kom\u00adpa\u00adni\u00ad\u00fda\u00adlar hem gat\u00adna\u00ad\u015fyp, u\u00e7ar \u00f6n\u00add\u00fc\u00adri\u00adji\u00adler [&hellip;]<\/p>\n","protected":false},"author":2,"featured_media":92544,"comment_status":"open","ping_status":"closed","sticky":false,"template":"","format":"standard","meta":{"footnotes":""},"categories":[5],"tags":[],"acf":[],"_links":{"self":[{"href":"https:\/\/zamanturkmenistan.com.tm\/index.php?rest_route=\/wp\/v2\/posts\/92543"}],"collection":[{"href":"https:\/\/zamanturkmenistan.com.tm\/index.php?rest_route=\/wp\/v2\/posts"}],"about":[{"href":"https:\/\/zamanturkmenistan.com.tm\/index.php?rest_route=\/wp\/v2\/types\/post"}],"author":[{"embeddable":true,"href":"https:\/\/zamanturkmenistan.com.tm\/index.php?rest_route=\/wp\/v2\/users\/2"}],"replies":[{"embeddable":true,"href":"https:\/\/zamanturkmenistan.com.tm\/index.php?rest_route=%2Fwp%2Fv2%2Fcomments&post=92543"}],"version-history":[{"count":1,"href":"https:\/\/zamanturkmenistan.com.tm\/index.php?rest_route=\/wp\/v2\/posts\/92543\/revisions"}],"predecessor-version":[{"id":92545,"href":"https:\/\/zamanturkmenistan.com.tm\/index.php?rest_route=\/wp\/v2\/posts\/92543\/revisions\/92545"}],"wp:featuredmedia":[{"embeddable":true,"href":"https:\/\/zamanturkmenistan.com.tm\/index.php?rest_route=\/wp\/v2\/media\/92544"}],"wp:attachment":[{"href":"https:\/\/zamanturkmenistan.com.tm\/index.php?rest_route=%2Fwp%2Fv2%2Fmedia&parent=92543"}],"wp:term":[{"taxonomy":"category","embeddable":true,"href":"https:\/\/zamanturkmenistan.com.tm\/index.php?rest_route=%2Fwp%2Fv2%2Fcategories&post=92543"},{"taxonomy":"post_tag","embeddable":true,"href":"https:\/\/zamanturkmenistan.com.tm\/index.php?rest_route=%2Fwp%2Fv2%2Ftags&post=92543"}],"curies":[{"name":"wp","href":"https:\/\/api.w.org\/{rel}","templated":true}]}}