{"id":92648,"date":"2023-11-18T12:17:52","date_gmt":"2023-11-18T07:17:52","guid":{"rendered":"https:\/\/zamanturkmenistan.com.tm\/?p=92648"},"modified":"2023-11-18T12:17:52","modified_gmt":"2023-11-18T07:17:52","slug":"turkmen-eyran-isewurler-maslahaty","status":"publish","type":"post","link":"https:\/\/zamanturkmenistan.com.tm\/?p=92648","title":{"rendered":"T\u00fcrkmen-e\u00fdran i\u015few\u00fcrler maslahaty"},"content":{"rendered":"<p>17 \u2014 19-njy no\u00ad\u00fdabr\u00adda T\u00fcrk\u00adme\u00adnis\u00adta\u00adny\u0148 S\u00f6w\u00adda-se\u00adna\u00adgat eda\u00adra\u00adsyn\u00adda E\u00fd\u00adran Ys\u00adlam Res\u00adpub\u00adli\u00adka\u00adsy\u00adny\u0148 \u201cIran Pro\u00ad\u017ee\u201d at\u00adly \u00fd\u00f6\u00adri\u00adte\u00adle\u015f\u00addi\u00adri\u00adlen ser\u00adgi\u00adsi ge\u00ad\u00e7i\u00adril\u00ad\u00fd\u00e4r. Ozal ha\u00adbar ber\u00ad\u015fi\u00admiz \u00fda\u00adly, ser\u00adgi\u00adni\u0148 \u00e7\u00e4k\u00adle\u00adrin\u00adde T\u00fcrk\u00admen-e\u00fd\u00adran i\u015fe\u00adw\u00fcr\u00adler mas\u00adla\u00adha\u00adty\u00adny ge\u00ad\u00e7i\u00adril\u00ad\u00fd\u00e4r.<br \/>\n\u015eu g\u00fcn A\u015f\u00adga\u00adbat\u00adda Yk\u00addy\u00adsa\u00addy hyz\u00admat\u00adda\u015f\u00adlyk bo\u00ad\u00fdun\u00ad\u00e7a bi\u00adle\u00adlik\u00add\u00e4\u00adki t\u00fcrk\u00admen-e\u00fd\u00adran to\u00adpa\u00adry\u00adny\u0148 17-nji mej\u00adli\u00adsi \u00f6z i\u015fi\u00adne do\u00adwam et\u00addi. T\u00fcrk\u00admen we\u00adki\u00adli\u00ad\u00fde\u00adti\u00adne To\u00adpa\u00adry\u0148 t\u00fcrk\u00admen ta\u00adra\u00adpyn\u00addan ba\u015f\u00adly\u00adgy \u2013 T\u00fcrk\u00adme\u00adnis\u00adta\u00adny\u0148 Mi\u00adnistr\u00adler Ka\u00adbi\u00adne\u00adti\u00adni\u0148 Ba\u015f\u00adly\u00adgy\u00adny\u0148 Orun\u00adba\u00adsa\u00adry, T\u00fcrk\u00adme\u00adnis\u00adta\u00adny\u0148 da\u00ad\u015fa\u00adry i\u015f\u00adler mi\u00adnist\u00adri Ra\u00ad\u015fid Me\u00adre\u00addow \u00fdol\u00adba\u015f\u00ad\u00e7y\u00adlyk ed\u00ad\u00fd\u00e4r, e\u00fd\u00adran we\u00adki\u00adli\u00ad\u00fde\u00adti To\u00adpa\u00adry\u0148 e\u00fd\u00adran ta\u00adra\u00adpyn\u00addan ba\u015f\u00adly\u00adgy \u2013 E\u00fd\u00adran Ys\u00adlam Res\u00adpub\u00adli\u00adka\u00adsy\u00adny\u0148 \u00fdol we \u015f\u00e4\u00adher\u00adgur\u00adlu\u00ad\u015fyk mi\u00adnist\u00adri Mehr\u00addad Bazr\u00adpa\u00ad\u015fy\u0148 \u00fdol\u00adba\u015f\u00ad\u00e7y\u00adly\u00adgyn\u00adda gat\u00adna\u015f\u00ad\u00fdar.<br \/>\nDu\u00ad\u015fu\u00ad\u015fy\u00adga iki \u00fdur\u00addu\u0148 de\u00adgi\u015f\u00adli mi\u00adnistr\u00adlik\u00adle\u00adri\u00adni\u0148 we pu\u00addak eda\u00adra\u00adla\u00adry\u00adny\u0148 \u00fdol\u00adba\u015f\u00ad\u00e7y\u00adla\u00adry we hu\u00adsu\u00adsy pu\u00adda\u00adgy\u00adny\u0148 we\u00adkil\u00adle\u00adri gat\u00adna\u015f\u00addy\u00adlar.<\/p>\n<p><img decoding=\"async\" loading=\"lazy\" class=\"aligncenter wp-image-92650 size-large\" src=\"https:\/\/zamanturkmenistan.com.tm\/wp-content\/uploads\/2023\/11\/turkmen-eyran-isewurler-maslahaty-turkmen-iran-busines-forum-5X2A8330-1024x521.jpg\" alt=\"\" width=\"696\" height=\"354\" srcset=\"https:\/\/zamanturkmenistan.com.tm\/wp-content\/uploads\/2023\/11\/turkmen-eyran-isewurler-maslahaty-turkmen-iran-busines-forum-5X2A8330-1024x521.jpg 1024w, https:\/\/zamanturkmenistan.com.tm\/wp-content\/uploads\/2023\/11\/turkmen-eyran-isewurler-maslahaty-turkmen-iran-busines-forum-5X2A8330-300x153.jpg 300w, https:\/\/zamanturkmenistan.com.tm\/wp-content\/uploads\/2023\/11\/turkmen-eyran-isewurler-maslahaty-turkmen-iran-busines-forum-5X2A8330-768x391.jpg 768w, https:\/\/zamanturkmenistan.com.tm\/wp-content\/uploads\/2023\/11\/turkmen-eyran-isewurler-maslahaty-turkmen-iran-busines-forum-5X2A8330-696x354.jpg 696w, https:\/\/zamanturkmenistan.com.tm\/wp-content\/uploads\/2023\/11\/turkmen-eyran-isewurler-maslahaty-turkmen-iran-busines-forum-5X2A8330-1068x544.jpg 1068w, https:\/\/zamanturkmenistan.com.tm\/wp-content\/uploads\/2023\/11\/turkmen-eyran-isewurler-maslahaty-turkmen-iran-busines-forum-5X2A8330-825x420.jpg 825w, https:\/\/zamanturkmenistan.com.tm\/wp-content\/uploads\/2023\/11\/turkmen-eyran-isewurler-maslahaty-turkmen-iran-busines-forum-5X2A8330.jpg 1200w\" sizes=\"(max-width: 696px) 100vw, 696px\" \/><\/p>\n<p>Mej\u00adli\u00adsi\u0148 mak\u00adsat\u00adna\u00adma\u00adsy\u00adna s\u00f6w\u00adda-yk\u00addy\u00adsa\u00addy, \u00fdan\u00adgy\u00e7-ener\u00adge\u00adti\u00adka ul\u00adgam\u00adla\u00adryn\u00adda, ulag we lo\u00adgis\u00adti\u00adka, se\u00adna\u00adgat, oba we suw ho\u00adja\u00adlyk, ma\u00ad\u00fda go\u00ad\u00fdum we stan\u00addart\u00adla\u015f\u00addy\u00adry\u015f pu\u00addak\u00adla\u00adryn\u00adda\u00adky iki\u00adta\u00adrap\u00adla\u00ad\u00fdyn gat\u00adna\u00ad\u015fyk\u00adla\u00adry\u00adny\u0148 m\u00f6\u00adh\u00fcm me\u00adse\u00adle\u00adle\u00adri gi\u00adri\u00adzil\u00addi, \u015fe\u00fd\u00adle-de H\u00f6\u00adk\u00fc\u00adme\u00adta\u00adra to\u00adpa\u00adry\u0148 16-njy mej\u00adli\u00adsi\u00adni\u0148 \u00e7\u00f6z\u00adg\u00fct\u00adle\u00adri\u00adni\u0148 ama\u00adla a\u015fy\u00adry\u00adly\u00ad\u015fy\u00adny\u0148 gi\u00addi\u00ad\u015fi sel\u00adje\u00adril\u00addi.<br \/>\n\u015ee\u00fd\u00adle hem g\u00fcm\u00adr\u00fck ser\u00adhe\u00addin\u00adde hyz\u00admat\u00adda\u015f\u00adly\u00adgy gi\u00ad\u0148elt\u00admek, bi\u00adle\u00adlik\u00add\u00e4\u00adki ser\u00adhet g\u00fcm\u00adr\u00fck eda\u00adra\u00adla\u00adry\u00adny d\u00f6\u00adret\u00admek \u00fda\u00adly bir\u00adn\u00e4\u00ad\u00e7e m\u00f6\u00adh\u00fcm me\u00adse\u00adl\u00e4\u00adni ara alyp mas\u00adla\u00adhat\u00adla\u015f\u00addy\u00adlar.<br \/>\nEYR-ny\u0148 we\u00adki\u00adli\u00ad\u00fde\u00adti\u00adni\u0148 sa\u00adpa\u00adry\u00adny\u0148 \u00e7\u00e4k\u00adle\u00adrin\u00adde d\u00fcr\u00adli ugur\u00adlar\u00adda \u00f6za\u00adra b\u00e4h\u00adbit\u00adli hyz\u00admat\u00adda\u015f\u00adly\u00adgy\u0148 me\u00adse\u00adle\u00adle\u00adri\u00adni ara alyp mas\u00adla\u00adhat\u00adla\u015f\u00admak mak\u00adsa\u00addy bi\u00adlen, iki\u00adta\u00adrap\u00adla\u00ad\u00fdyn du\u00ad\u015fu\u00ad\u015fyk\u00adla\u00adry\u0148 bir\u00adn\u00e4\u00ad\u00e7e\u00adsi\u00adni ge\u00ad\u00e7i\u00adri\u00adler.<br \/>\n\u00dde\u00adri ge\u00adlen\u00adde bel\u00adle\u00adsek, d\u00fc\u00fdn T\u00fcrk\u00adme\u00adnis\u00adta\u00adny\u0148 S\u00f6w\u00adda-se\u00adna\u00adgat eda\u00adra\u00adsy\u00adny\u0148 bi\u00adna\u00adsyn\u00adda EYR-ny\u0148 \u00abIran Pro\u00ad\u017ee\u00bb at\u00adly \u00dd\u00f6\u00adri\u00adte\u00adle\u015f\u00addi\u00adri\u00adlen ser\u00adgi\u00adsi \u00f6z i\u015fi\u00adne ba\u015f\u00adlap\u00addy. Ser\u00adgi er\u00adtir \u00f6z i\u015fi\u00adni ta\u00admam\u00adla\u00ad\u00fdar.<\/p>\n","protected":false},"excerpt":{"rendered":"<p>17 \u2014 19-njy no\u00ad\u00fdabr\u00adda T\u00fcrk\u00adme\u00adnis\u00adta\u00adny\u0148 S\u00f6w\u00adda-se\u00adna\u00adgat eda\u00adra\u00adsyn\u00adda E\u00fd\u00adran Ys\u00adlam Res\u00adpub\u00adli\u00adka\u00adsy\u00adny\u0148 \u201cIran Pro\u00ad\u017ee\u201d at\u00adly \u00fd\u00f6\u00adri\u00adte\u00adle\u015f\u00addi\u00adri\u00adlen ser\u00adgi\u00adsi ge\u00ad\u00e7i\u00adril\u00ad\u00fd\u00e4r. Ozal ha\u00adbar ber\u00ad\u015fi\u00admiz \u00fda\u00adly, ser\u00adgi\u00adni\u0148 \u00e7\u00e4k\u00adle\u00adrin\u00adde T\u00fcrk\u00admen-e\u00fd\u00adran i\u015fe\u00adw\u00fcr\u00adler mas\u00adla\u00adha\u00adty\u00adny ge\u00ad\u00e7i\u00adril\u00ad\u00fd\u00e4r. \u015eu g\u00fcn A\u015f\u00adga\u00adbat\u00adda Yk\u00addy\u00adsa\u00addy hyz\u00admat\u00adda\u015f\u00adlyk bo\u00ad\u00fdun\u00ad\u00e7a bi\u00adle\u00adlik\u00add\u00e4\u00adki t\u00fcrk\u00admen-e\u00fd\u00adran to\u00adpa\u00adry\u00adny\u0148 17-nji mej\u00adli\u00adsi \u00f6z i\u015fi\u00adne do\u00adwam et\u00addi. T\u00fcrk\u00admen we\u00adki\u00adli\u00ad\u00fde\u00adti\u00adne To\u00adpa\u00adry\u0148 t\u00fcrk\u00admen ta\u00adra\u00adpyn\u00addan ba\u015f\u00adly\u00adgy \u2013 T\u00fcrk\u00adme\u00adnis\u00adta\u00adny\u0148 Mi\u00adnistr\u00adler Ka\u00adbi\u00adne\u00adti\u00adni\u0148 Ba\u015f\u00adly\u00adgy\u00adny\u0148 Orun\u00adba\u00adsa\u00adry, T\u00fcrk\u00adme\u00adnis\u00adta\u00adny\u0148 da\u00ad\u015fa\u00adry [&hellip;]<\/p>\n","protected":false},"author":2,"featured_media":92649,"comment_status":"open","ping_status":"closed","sticky":false,"template":"","format":"standard","meta":{"footnotes":""},"categories":[3],"tags":[],"acf":[],"_links":{"self":[{"href":"https:\/\/zamanturkmenistan.com.tm\/index.php?rest_route=\/wp\/v2\/posts\/92648"}],"collection":[{"href":"https:\/\/zamanturkmenistan.com.tm\/index.php?rest_route=\/wp\/v2\/posts"}],"about":[{"href":"https:\/\/zamanturkmenistan.com.tm\/index.php?rest_route=\/wp\/v2\/types\/post"}],"author":[{"embeddable":true,"href":"https:\/\/zamanturkmenistan.com.tm\/index.php?rest_route=\/wp\/v2\/users\/2"}],"replies":[{"embeddable":true,"href":"https:\/\/zamanturkmenistan.com.tm\/index.php?rest_route=%2Fwp%2Fv2%2Fcomments&post=92648"}],"version-history":[{"count":1,"href":"https:\/\/zamanturkmenistan.com.tm\/index.php?rest_route=\/wp\/v2\/posts\/92648\/revisions"}],"predecessor-version":[{"id":92651,"href":"https:\/\/zamanturkmenistan.com.tm\/index.php?rest_route=\/wp\/v2\/posts\/92648\/revisions\/92651"}],"wp:featuredmedia":[{"embeddable":true,"href":"https:\/\/zamanturkmenistan.com.tm\/index.php?rest_route=\/wp\/v2\/media\/92649"}],"wp:attachment":[{"href":"https:\/\/zamanturkmenistan.com.tm\/index.php?rest_route=%2Fwp%2Fv2%2Fmedia&parent=92648"}],"wp:term":[{"taxonomy":"category","embeddable":true,"href":"https:\/\/zamanturkmenistan.com.tm\/index.php?rest_route=%2Fwp%2Fv2%2Fcategories&post=92648"},{"taxonomy":"post_tag","embeddable":true,"href":"https:\/\/zamanturkmenistan.com.tm\/index.php?rest_route=%2Fwp%2Fv2%2Ftags&post=92648"}],"curies":[{"name":"wp","href":"https:\/\/api.w.org\/{rel}","templated":true}]}}