{"id":92669,"date":"2024-11-20T06:59:45","date_gmt":"2024-11-20T01:59:45","guid":{"rendered":"https:\/\/zamanturkmenistan.com.tm\/?p=92669"},"modified":"2024-11-15T12:39:33","modified_gmt":"2024-11-15T07:39:33","slug":"turkiyanin-turkmenistanda-geciriljek-medeniyet-gunlerinin-meyilnamasy","status":"publish","type":"post","link":"https:\/\/zamanturkmenistan.com.tm\/?p=92669","title":{"rendered":"B\u00fctind\u00fcn\u00fd\u00e4 \u00e7agalary\u0148 g\u00fcni"},"content":{"rendered":"<p>Her \u00fdy\u00adly\u0148 20-nji no\u00ad\u00fdab\u00adry B\u00fc\u00adtin\u00add\u00fcn\u00ad\u00fd\u00e4 \u00c7a\u00adga\u00adlar g\u00fc\u00adni (Univer\u00adsal Child\u00adren&#8217;s Day) bel\u00adle\u00adnil\u00ad\u00fd\u00e4r. 1954-nji \u00fdyl\u00adda BMG-ni\u0148 Ba\u015f As\u00adsamb\u00adle\u00ad\u00fda\u00adsy \u00e4h\u00adli \u00fdurt\u00adla\u00adra bu se\u00adn\u00e4\u00adni d\u00fcn\u00ad\u00fd\u00e4 do\u00adgan\u00adly\u00adgy\u00adny\u0148 we \u00e7a\u00adga\u00adla\u00adra \u00f6za\u00adra d\u00fc\u00ad\u015f\u00fc\u00adni\u015f\u00adme\u00adgi\u0148 g\u00fc\u00adni h\u00f6k\u00adm\u00fcn\u00adde bel\u00adle\u00adme\u00adgi, b\u00fc\u00adtin d\u00fcn\u00ad\u00fd\u00e4\u00adde \u00e7a\u00adga\u00adla\u00adry\u0148 aba\u00addan\u00ad\u00e7y\u00adly\u00adgy\u00adny \u00fcp\u00adj\u00fcn et\u00adm\u00e4\u00adge g\u00f6\u00adn\u00fck\u00addi\u00adri\u00adlen \u00e7\u00e4\u00adre\u00adle\u00adre ba\u00adgy\u015f\u00adla\u00adma\u00adgy mas\u00adla\u00adhat ber\u00addi. Hal\u00adka\u00adra gu\u00adra\u00adma her bir d\u00fcn\u00ad\u00fd\u00e4 \u00fdur\u00addu\u00adny bu se\u00adn\u00e4\u00adni \u00f6z\u00fc\u00adne la\u00ad\u00fdyk ha\u00adsap\u00adla\u00ad\u00fdan g\u00fcn\u00adde bel\u00adle\u00adm\u00e4\u00adge \u00e7a\u00adgyr\u00addy we B\u00fc\u00adtin\u00add\u00fcn\u00ad\u00fd\u00e4 \u00e7a\u00adga\u00adlar g\u00fc\u00adn\u00fc\u00adni\u0148 bel\u00adle\u00adnil\u00adme\u00adgi\u00adni\u0148 halk\u00adla\u00adry\u0148 ag\u00adzy\u00adbir\u00adli\u00adgi\u00adni we hyz\u00admat\u00adda\u015f\u00adly\u00adgy\u00adny ber\u00adkit\u00adm\u00e4\u00adge hyz\u00admat et\u00adjek\u00addi\u00adgi\u00adni a\u00fdt\u00addy. 1959-njy \u00fdy\u00adly\u0148 20-nji no\u00ad\u00fdab\u00adryn\u00adda Ba\u015f As\u00adsamb\u00adle\u00ad\u00fda 1959-njy \u00fdyl\u00adda \u00c7a\u00adga\u00adny\u0148 hu\u00adkuk\u00adla\u00adry ha\u00adkyn\u00adda\u00adky jar\u00adna\u00adma\u00adny, 1989-njy \u00fdy\u00adly\u0148 20-nji no\u00ad\u00fdab\u00adryn\u00adda \u00c7a\u00adga\u00adny\u0148 hu\u00adkuk\u00adla\u00adry ha\u00adkyn\u00adda\u00adky kon\u00adwen\u00adsi\u00ad\u00fda\u00adsy ka\u00adbul edil\u00ad\u00fd\u00e4r.<\/p>\n","protected":false},"excerpt":{"rendered":"<p>Her \u00fdy\u00adly\u0148 20-nji no\u00ad\u00fdab\u00adry B\u00fc\u00adtin\u00add\u00fcn\u00ad\u00fd\u00e4 \u00c7a\u00adga\u00adlar g\u00fc\u00adni (Univer\u00adsal Child\u00adren&#8217;s Day) bel\u00adle\u00adnil\u00ad\u00fd\u00e4r. 1954-nji \u00fdyl\u00adda BMG-ni\u0148 Ba\u015f As\u00adsamb\u00adle\u00ad\u00fda\u00adsy \u00e4h\u00adli \u00fdurt\u00adla\u00adra bu se\u00adn\u00e4\u00adni d\u00fcn\u00ad\u00fd\u00e4 do\u00adgan\u00adly\u00adgy\u00adny\u0148 we \u00e7a\u00adga\u00adla\u00adra \u00f6za\u00adra d\u00fc\u00ad\u015f\u00fc\u00adni\u015f\u00adme\u00adgi\u0148 g\u00fc\u00adni h\u00f6k\u00adm\u00fcn\u00adde bel\u00adle\u00adme\u00adgi, b\u00fc\u00adtin d\u00fcn\u00ad\u00fd\u00e4\u00adde \u00e7a\u00adga\u00adla\u00adry\u0148 aba\u00addan\u00ad\u00e7y\u00adly\u00adgy\u00adny \u00fcp\u00adj\u00fcn et\u00adm\u00e4\u00adge g\u00f6\u00adn\u00fck\u00addi\u00adri\u00adlen \u00e7\u00e4\u00adre\u00adle\u00adre ba\u00adgy\u015f\u00adla\u00adma\u00adgy mas\u00adla\u00adhat ber\u00addi. Hal\u00adka\u00adra gu\u00adra\u00adma her bir d\u00fcn\u00ad\u00fd\u00e4 \u00fdur\u00addu\u00adny bu se\u00adn\u00e4\u00adni \u00f6z\u00fc\u00adne la\u00ad\u00fdyk ha\u00adsap\u00adla\u00ad\u00fdan g\u00fcn\u00adde bel\u00adle\u00adm\u00e4\u00adge \u00e7a\u00adgyr\u00addy we [&hellip;]<\/p>\n","protected":false},"author":2,"featured_media":92734,"comment_status":"open","ping_status":"closed","sticky":false,"template":"","format":"standard","meta":{"footnotes":""},"categories":[402],"tags":[],"_links":{"self":[{"href":"https:\/\/zamanturkmenistan.com.tm\/index.php?rest_route=\/wp\/v2\/posts\/92669"}],"collection":[{"href":"https:\/\/zamanturkmenistan.com.tm\/index.php?rest_route=\/wp\/v2\/posts"}],"about":[{"href":"https:\/\/zamanturkmenistan.com.tm\/index.php?rest_route=\/wp\/v2\/types\/post"}],"author":[{"embeddable":true,"href":"https:\/\/zamanturkmenistan.com.tm\/index.php?rest_route=\/wp\/v2\/users\/2"}],"replies":[{"embeddable":true,"href":"https:\/\/zamanturkmenistan.com.tm\/index.php?rest_route=%2Fwp%2Fv2%2Fcomments&post=92669"}],"version-history":[{"count":3,"href":"https:\/\/zamanturkmenistan.com.tm\/index.php?rest_route=\/wp\/v2\/posts\/92669\/revisions"}],"predecessor-version":[{"id":92735,"href":"https:\/\/zamanturkmenistan.com.tm\/index.php?rest_route=\/wp\/v2\/posts\/92669\/revisions\/92735"}],"wp:featuredmedia":[{"embeddable":true,"href":"https:\/\/zamanturkmenistan.com.tm\/index.php?rest_route=\/wp\/v2\/media\/92734"}],"wp:attachment":[{"href":"https:\/\/zamanturkmenistan.com.tm\/index.php?rest_route=%2Fwp%2Fv2%2Fmedia&parent=92669"}],"wp:term":[{"taxonomy":"category","embeddable":true,"href":"https:\/\/zamanturkmenistan.com.tm\/index.php?rest_route=%2Fwp%2Fv2%2Fcategories&post=92669"},{"taxonomy":"post_tag","embeddable":true,"href":"https:\/\/zamanturkmenistan.com.tm\/index.php?rest_route=%2Fwp%2Fv2%2Ftags&post=92669"}],"curies":[{"name":"wp","href":"https:\/\/api.w.org\/{rel}","templated":true}]}}