{"id":92673,"date":"2023-11-19T16:29:57","date_gmt":"2023-11-19T11:29:57","guid":{"rendered":"https:\/\/zamanturkmenistan.com.tm\/?p=92673"},"modified":"2023-11-19T16:29:57","modified_gmt":"2023-11-19T11:29:57","slug":"goldwyn-pictures-esaslandyrylyar","status":"publish","type":"post","link":"https:\/\/zamanturkmenistan.com.tm\/?p=92673","title":{"rendered":"\u201cGoldwyn Pictures\u201d esaslandyryl\u00fdar"},"content":{"rendered":"<p>1916-njy \u00fdy\u00adly\u0148 19-njy no\u00ad\u00fdab\u00adryn\u00adda Sem\u00ad\u00fdu\u00adel Gold\u00adwin bi\u00adlen Ed\u00adgar Sel\u00adwin \u201cGold\u00adwyn Pictu\u00adres\u201d film stu\u00addi\u00ad\u00fda\u00adsy\u00adny d\u00f6\u00adred\u00ad\u00fd\u00e4r\u00adler. 1924-nji \u00fdy\u00adly\u0148 ap\u00adre\u00adlin\u00adde \u201cGold\u00adwyn Pictu\u00adres\u201d-y ame\u00adri\u00adkan i\u015fe\u00adw\u00fc\u00adri Mar\u00adkus Low sa\u00adtyn al\u00ad\u00fdar. \u015eon\u00addan gys\u00adga wagt\u00addan so\u0148 \u201cMet\u00adro Pictu\u00adres Cor\u00adpo\u00adra\u00adti\u00adon\u201d hem-de \u201cLouis B. Mayer Pictu\u00adres\u201d ki\u00adno\u00adkom\u00adpa\u00adni\u00ad\u00fda\u00adla\u00adry bi\u00adlen bir\u00adle\u015f\u00addi\u00adri\u00adlip, \u201cMet\u00adro-Gold\u00adwyn-Mayer\u201d esas\u00adlan\u00addy\u00adryl\u00ad\u00fdar. T\u00e4\u00adze d\u00f6\u00adre\u00addi\u00adlen kom\u00adpa\u00adni\u00ad\u00fda\u00adda Gold\u00adwi\u00adni\u0148 ady ge\u00e7\u00ad\u00fd\u00e4n hem bol\u00adsa, ol \u201cMet\u00adro-Gold\u00adwyn-Mayer\u201d-de hi\u00e7 ha\u00ad\u00e7an i\u015f\u00adle\u00adme\u00ad\u00fd\u00e4r, e\u00fde\u00ad\u00e7i\u00adli\u00adgi\u00adne we \u00f6n\u00fcm\u00ad\u00e7i\u00adli\u00adgi\u00adne go\u00ad\u015ful\u00adma\u00ad\u00fdar. H\u00e4\u00adzir\u00adki wagt\u00adda \u201cMet\u00adro-Gold\u00adwyn-Mayer Stu\u00addi\u00ados, Inc.\u201d (\u201cMet\u00adro-Gold\u00adwyn-Mayer Pictu\u00adres\u201d hem di\u00ad\u00fdil\u00ad\u00fd\u00e4r) d\u00fcr\u00adli plat\u00adfor\u00adma\u00adlar\u00adda film\u00adle\u00adri we te\u00adle\u00ad\u00fda\u00fd\u00adlym gep\u00adle\u00ad\u015fik\u00adle\u00adri\u00adni ta\u00fd\u00ad\u00fdar\u00adla\u00ad\u00fdan we glo\u00adbal de\u00adre\u00adje\u00adde pa\u00fd\u00adla\u00ad\u00fdan g\u00fc\u00fd\u00admen\u00adje kom\u00adpa\u00adni\u00ad\u00fda\u00adsy\u00addyr.<\/p>\n","protected":false},"excerpt":{"rendered":"<p>1916-njy \u00fdy\u00adly\u0148 19-njy no\u00ad\u00fdab\u00adryn\u00adda Sem\u00ad\u00fdu\u00adel Gold\u00adwin bi\u00adlen Ed\u00adgar Sel\u00adwin \u201cGold\u00adwyn Pictu\u00adres\u201d film stu\u00addi\u00ad\u00fda\u00adsy\u00adny d\u00f6\u00adred\u00ad\u00fd\u00e4r\u00adler. 1924-nji \u00fdy\u00adly\u0148 ap\u00adre\u00adlin\u00adde \u201cGold\u00adwyn Pictu\u00adres\u201d-y ame\u00adri\u00adkan i\u015fe\u00adw\u00fc\u00adri Mar\u00adkus Low sa\u00adtyn al\u00ad\u00fdar. \u015eon\u00addan gys\u00adga wagt\u00addan so\u0148 \u201cMet\u00adro Pictu\u00adres Cor\u00adpo\u00adra\u00adti\u00adon\u201d hem-de \u201cLouis B. Mayer Pictu\u00adres\u201d ki\u00adno\u00adkom\u00adpa\u00adni\u00ad\u00fda\u00adla\u00adry bi\u00adlen bir\u00adle\u015f\u00addi\u00adri\u00adlip, \u201cMet\u00adro-Gold\u00adwyn-Mayer\u201d esas\u00adlan\u00addy\u00adryl\u00ad\u00fdar. T\u00e4\u00adze d\u00f6\u00adre\u00addi\u00adlen kom\u00adpa\u00adni\u00ad\u00fda\u00adda Gold\u00adwi\u00adni\u0148 ady ge\u00e7\u00ad\u00fd\u00e4n hem bol\u00adsa, ol \u201cMet\u00adro-Gold\u00adwyn-Mayer\u201d-de hi\u00e7 ha\u00ad\u00e7an i\u015f\u00adle\u00adme\u00ad\u00fd\u00e4r, [&hellip;]<\/p>\n","protected":false},"author":2,"featured_media":92674,"comment_status":"open","ping_status":"closed","sticky":false,"template":"","format":"standard","meta":{"footnotes":""},"categories":[402],"tags":[],"acf":[],"_links":{"self":[{"href":"https:\/\/zamanturkmenistan.com.tm\/index.php?rest_route=\/wp\/v2\/posts\/92673"}],"collection":[{"href":"https:\/\/zamanturkmenistan.com.tm\/index.php?rest_route=\/wp\/v2\/posts"}],"about":[{"href":"https:\/\/zamanturkmenistan.com.tm\/index.php?rest_route=\/wp\/v2\/types\/post"}],"author":[{"embeddable":true,"href":"https:\/\/zamanturkmenistan.com.tm\/index.php?rest_route=\/wp\/v2\/users\/2"}],"replies":[{"embeddable":true,"href":"https:\/\/zamanturkmenistan.com.tm\/index.php?rest_route=%2Fwp%2Fv2%2Fcomments&post=92673"}],"version-history":[{"count":1,"href":"https:\/\/zamanturkmenistan.com.tm\/index.php?rest_route=\/wp\/v2\/posts\/92673\/revisions"}],"predecessor-version":[{"id":92675,"href":"https:\/\/zamanturkmenistan.com.tm\/index.php?rest_route=\/wp\/v2\/posts\/92673\/revisions\/92675"}],"wp:featuredmedia":[{"embeddable":true,"href":"https:\/\/zamanturkmenistan.com.tm\/index.php?rest_route=\/wp\/v2\/media\/92674"}],"wp:attachment":[{"href":"https:\/\/zamanturkmenistan.com.tm\/index.php?rest_route=%2Fwp%2Fv2%2Fmedia&parent=92673"}],"wp:term":[{"taxonomy":"category","embeddable":true,"href":"https:\/\/zamanturkmenistan.com.tm\/index.php?rest_route=%2Fwp%2Fv2%2Fcategories&post=92673"},{"taxonomy":"post_tag","embeddable":true,"href":"https:\/\/zamanturkmenistan.com.tm\/index.php?rest_route=%2Fwp%2Fv2%2Ftags&post=92673"}],"curies":[{"name":"wp","href":"https:\/\/api.w.org\/{rel}","templated":true}]}}