{"id":92966,"date":"2023-11-22T20:23:01","date_gmt":"2023-11-22T15:23:01","guid":{"rendered":"https:\/\/zamanturkmenistan.com.tm\/?p=92966"},"modified":"2023-11-22T20:23:01","modified_gmt":"2023-11-22T15:23:01","slug":"turkmenistanyn-ilcisi-ozbegistanyn-oliy-mejlisinin-senatynyn-baslygy-bilen-dususdy","status":"publish","type":"post","link":"https:\/\/zamanturkmenistan.com.tm\/?p=92966","title":{"rendered":"T\u00fcrkmenistany\u0148 Il\u00e7isi \u00d6zbegistany\u0148 Oli\u00fd Mejlisini\u0148 Senatyny\u0148 Ba\u015flygy bilen du\u015fu\u015fdy"},"content":{"rendered":"<p>21-nji no\u00fdabrda T\u00fcrkmenistany\u0148 \u00d6zbegistandaky Il\u00e7isi \u015e.Meredow \u00d6zbegistan Respublikasyny\u0148 Oli\u00fd Mejlisini\u0148 Senatyny\u0148 Ba\u015flygy Tanzila Narba\u00fdewa bilen du\u015fu\u015fdy.<br \/>\nTaraplar iki \u00fdurdu\u0148 d\u00f6wlet \u00fdolba\u015f\u00e7ylaryny\u0148 arasynda emele gelen o\u0148yn we birek-birege ynany\u015fmak dialogy\u0148 netijesinde d\u00f6wletara gatna\u015fyklary\u0148 hil ta\u00fddan t\u00e4ze derej\u00e4 \u00e7ykandygyny nygtadylar.<br \/>\nDu\u015fu\u015fygy\u0148 dowamynda sy\u00fdasy-diplomatik, s\u00f6wda-ykdysady, medeni-ynsanperwer h\u00e4si\u00fdetli ugurlar bo\u00fdun\u00e7a \u00f6zara pikir aly\u015fyldy. T\u00fcrkmen-\u00f6zbek gatna\u015fyklaryny \u00f6sd\u00fcrmekde parlamentara hyzmatda\u015flyga m\u00f6h\u00fcm ornu\u0148 degi\u015flidigi bellendi.<br \/>\nA\u00fdratyn \u00fcns medeni-ynsanperwer gatna\u015fyklary\u0148 \u00f6sd\u00fcrilmegine berildi. \u015eu nukda\u00fdnazardan, be\u00fdik t\u00fcrkmen \u015fahyry we akyldary Magtymguly Pyragyny\u0148 doglan g\u00fcn\u00fcni\u0148 300 \u00fdyllygyna bagy\u015flanan bilelikd\u00e4ki \u00e7\u00e4releri ge\u00e7irmek bo\u00fdun\u00e7a ylala\u015fyk gazanyldy.<\/p>\n","protected":false},"excerpt":{"rendered":"<p>21-nji no\u00fdabrda T\u00fcrkmenistany\u0148 \u00d6zbegistandaky Il\u00e7isi \u015e.Meredow \u00d6zbegistan Respublikasyny\u0148 Oli\u00fd Mejlisini\u0148 Senatyny\u0148 Ba\u015flygy Tanzila Narba\u00fdewa bilen du\u015fu\u015fdy. Taraplar iki \u00fdurdu\u0148 d\u00f6wlet \u00fdolba\u015f\u00e7ylaryny\u0148 arasynda emele gelen o\u0148yn we birek-birege ynany\u015fmak dialogy\u0148 netijesinde d\u00f6wletara gatna\u015fyklary\u0148 hil ta\u00fddan t\u00e4ze derej\u00e4 \u00e7ykandygyny nygtadylar. Du\u015fu\u015fygy\u0148 dowamynda sy\u00fdasy-diplomatik, s\u00f6wda-ykdysady, medeni-ynsanperwer h\u00e4si\u00fdetli ugurlar bo\u00fdun\u00e7a \u00f6zara pikir aly\u015fyldy. T\u00fcrkmen-\u00f6zbek gatna\u015fyklaryny \u00f6sd\u00fcrmekde parlamentara hyzmatda\u015flyga m\u00f6h\u00fcm [&hellip;]<\/p>\n","protected":false},"author":2,"featured_media":92967,"comment_status":"open","ping_status":"closed","sticky":false,"template":"","format":"standard","meta":{"footnotes":""},"categories":[3],"tags":[],"acf":[],"_links":{"self":[{"href":"https:\/\/zamanturkmenistan.com.tm\/index.php?rest_route=\/wp\/v2\/posts\/92966"}],"collection":[{"href":"https:\/\/zamanturkmenistan.com.tm\/index.php?rest_route=\/wp\/v2\/posts"}],"about":[{"href":"https:\/\/zamanturkmenistan.com.tm\/index.php?rest_route=\/wp\/v2\/types\/post"}],"author":[{"embeddable":true,"href":"https:\/\/zamanturkmenistan.com.tm\/index.php?rest_route=\/wp\/v2\/users\/2"}],"replies":[{"embeddable":true,"href":"https:\/\/zamanturkmenistan.com.tm\/index.php?rest_route=%2Fwp%2Fv2%2Fcomments&post=92966"}],"version-history":[{"count":1,"href":"https:\/\/zamanturkmenistan.com.tm\/index.php?rest_route=\/wp\/v2\/posts\/92966\/revisions"}],"predecessor-version":[{"id":92968,"href":"https:\/\/zamanturkmenistan.com.tm\/index.php?rest_route=\/wp\/v2\/posts\/92966\/revisions\/92968"}],"wp:featuredmedia":[{"embeddable":true,"href":"https:\/\/zamanturkmenistan.com.tm\/index.php?rest_route=\/wp\/v2\/media\/92967"}],"wp:attachment":[{"href":"https:\/\/zamanturkmenistan.com.tm\/index.php?rest_route=%2Fwp%2Fv2%2Fmedia&parent=92966"}],"wp:term":[{"taxonomy":"category","embeddable":true,"href":"https:\/\/zamanturkmenistan.com.tm\/index.php?rest_route=%2Fwp%2Fv2%2Fcategories&post=92966"},{"taxonomy":"post_tag","embeddable":true,"href":"https:\/\/zamanturkmenistan.com.tm\/index.php?rest_route=%2Fwp%2Fv2%2Ftags&post=92966"}],"curies":[{"name":"wp","href":"https:\/\/api.w.org\/{rel}","templated":true}]}}