{"id":92983,"date":"2023-11-23T12:06:57","date_gmt":"2023-11-23T07:06:57","guid":{"rendered":"https:\/\/zamanturkmenistan.com.tm\/?p=92983"},"modified":"2023-11-23T12:06:57","modified_gmt":"2023-11-23T07:06:57","slug":"niderlandlarda-saylaw-gecirildi","status":"publish","type":"post","link":"https:\/\/zamanturkmenistan.com.tm\/?p=92983","title":{"rendered":"Ni\u00adder\u00adland\u00adlar\u00adda sa\u00fd\u00adlaw ge\u00ad\u00e7i\u00adril\u00addi"},"content":{"rendered":"<p>D\u00fc\u00fdn, 22-nji no\u00ad\u00fdabr\u00adda Ni\u00adder\u00adland\u00adlar\u00adda \u00e4h\u00adlu\u00admu\u00admy sa\u00fd\u00adlaw\u00adlar ge\u00ad\u00e7i\u00adril\u00addi. Sa\u00fd\u00adla\u00adwy\u0148 ne\u00adti\u00adje\u00adle\u00adri\u00adne g\u00f6\u00adr\u00e4 \u00fdur\u00addu\u0148 h\u00f6\u00adk\u00fc\u00admet Ba\u015f\u00adly\u00adgy\u00adny\u0148 kim bol\u00adjak\u00addy\u00adgy hem bel\u00adli bo\u00adlar. \u00ddur\u00addu\u0148 h\u00e4\u00adzir\u00adki h\u00f6\u00adk\u00fc\u00admet Ba\u015f\u00adly\u00adgy Mark R\u00fdut\u00adte sa\u00fd\u00adlaw\u00addan so\u0148\u00adra bu we\u00adzi\u00adp\u00e4\u00adni tab\u015fyr\u00adjak\u00addy\u00adgy\u00adny m\u00e4\u00adlim edip\u00addi. Sa\u00fd\u00adla\u00adwy\u0148 anyk ne\u00adti\u00adje\u00adle\u00adri bir hep\u00adde\u00adden bel\u00adli bo\u00adlar. Sa\u00fd\u00adlaw do\u00adwam ed\u00ad\u00fd\u00e4n wag\u00adty ge\u00ad\u00e7i\u00adri\u00adlen pi\u00adkir so\u00adra\u00adly\u00ad\u015fy\u00adgy\u0148 ne\u00adti\u00adje\u00adsi\u00adne g\u00f6\u00adr\u00e4 Gert Wil\u00adder\u00adsi\u0148 \u00fdol\u00adba\u015f\u00ad\u00e7y\u00adlyk ed\u00ad\u00fd\u00e4n sag\u00ad\u00e7y, \u00abAzat\u00adlyk\u00bb par\u00adti\u00ad\u00fda\u00adsy (PVV) bi\u00adrin\u00adji, Frans Tim\u00admer\u00adman\u00adsy\u0148 \u00fdol\u00adba\u015f\u00ad\u00e7y\u00adly\u00adgyn\u00adda\u00adky \u00abI\u015f\u00ad\u00e7i\u00bb par\u00adti\u00ad\u00fda\u00adsy (PvdA) hem-de \u00ab\u00dda\u00ad\u015fyl\u00bb \u00e7ep (Groen Links) bi\u00adle\u00adle\u00ad\u015fi\u00adgi ikin\u00adji bol\u00addy. Di\u00adlan \u00dde\u00ad\u015fil\u00adg\u00f6z-Ze\u00adge\u00adriu\u00adsy\u0148 \u00fdol\u00adba\u015f\u00ad\u00e7y\u00adlyk ed\u00ad\u00fd\u00e4n \u00abAzat\u00adlyk\u00bb we de\u00admok\u00adra\u00adti\u00ad\u00fda \u00fc\u00e7in halk par\u00adti\u00ad\u00fda\u00adsy (VVD) \u00fc\u00e7\u00fcn\u00adji \u00fde\u00adri e\u00fde\u00adle\u00addi. Be\u00fd\u00adle\u00adki \u00fdurt\u00adlar\u00adda\u00adky\u00addan ta\u00adpa\u00adwut\u00adly\u00adlyk\u00adda Ni\u00adder\u00adland\u00adlar\u00adda sa\u00fd\u00adlaw\u00adlar \u00e7ar\u00ad\u015fen\u00adbe g\u00fc\u00adni ge\u00ad\u00e7i\u00adril\u00ad\u00fd\u00e4r.<\/p>\n","protected":false},"excerpt":{"rendered":"<p>D\u00fc\u00fdn, 22-nji no\u00ad\u00fdabr\u00adda Ni\u00adder\u00adland\u00adlar\u00adda \u00e4h\u00adlu\u00admu\u00admy sa\u00fd\u00adlaw\u00adlar ge\u00ad\u00e7i\u00adril\u00addi. Sa\u00fd\u00adla\u00adwy\u0148 ne\u00adti\u00adje\u00adle\u00adri\u00adne g\u00f6\u00adr\u00e4 \u00fdur\u00addu\u0148 h\u00f6\u00adk\u00fc\u00admet Ba\u015f\u00adly\u00adgy\u00adny\u0148 kim bol\u00adjak\u00addy\u00adgy hem bel\u00adli bo\u00adlar. \u00ddur\u00addu\u0148 h\u00e4\u00adzir\u00adki h\u00f6\u00adk\u00fc\u00admet Ba\u015f\u00adly\u00adgy Mark R\u00fdut\u00adte sa\u00fd\u00adlaw\u00addan so\u0148\u00adra bu we\u00adzi\u00adp\u00e4\u00adni tab\u015fyr\u00adjak\u00addy\u00adgy\u00adny m\u00e4\u00adlim edip\u00addi. Sa\u00fd\u00adla\u00adwy\u0148 anyk ne\u00adti\u00adje\u00adle\u00adri bir hep\u00adde\u00adden bel\u00adli bo\u00adlar. Sa\u00fd\u00adlaw do\u00adwam ed\u00ad\u00fd\u00e4n wag\u00adty ge\u00ad\u00e7i\u00adri\u00adlen pi\u00adkir so\u00adra\u00adly\u00ad\u015fy\u00adgy\u0148 ne\u00adti\u00adje\u00adsi\u00adne g\u00f6\u00adr\u00e4 Gert Wil\u00adder\u00adsi\u0148 \u00fdol\u00adba\u015f\u00ad\u00e7y\u00adlyk ed\u00ad\u00fd\u00e4n sag\u00ad\u00e7y, \u00abAzat\u00adlyk\u00bb par\u00adti\u00ad\u00fda\u00adsy (PVV) [&hellip;]<\/p>\n","protected":false},"author":2,"featured_media":92984,"comment_status":"open","ping_status":"closed","sticky":false,"template":"","format":"standard","meta":{"footnotes":""},"categories":[5],"tags":[],"acf":[],"_links":{"self":[{"href":"https:\/\/zamanturkmenistan.com.tm\/index.php?rest_route=\/wp\/v2\/posts\/92983"}],"collection":[{"href":"https:\/\/zamanturkmenistan.com.tm\/index.php?rest_route=\/wp\/v2\/posts"}],"about":[{"href":"https:\/\/zamanturkmenistan.com.tm\/index.php?rest_route=\/wp\/v2\/types\/post"}],"author":[{"embeddable":true,"href":"https:\/\/zamanturkmenistan.com.tm\/index.php?rest_route=\/wp\/v2\/users\/2"}],"replies":[{"embeddable":true,"href":"https:\/\/zamanturkmenistan.com.tm\/index.php?rest_route=%2Fwp%2Fv2%2Fcomments&post=92983"}],"version-history":[{"count":1,"href":"https:\/\/zamanturkmenistan.com.tm\/index.php?rest_route=\/wp\/v2\/posts\/92983\/revisions"}],"predecessor-version":[{"id":92985,"href":"https:\/\/zamanturkmenistan.com.tm\/index.php?rest_route=\/wp\/v2\/posts\/92983\/revisions\/92985"}],"wp:featuredmedia":[{"embeddable":true,"href":"https:\/\/zamanturkmenistan.com.tm\/index.php?rest_route=\/wp\/v2\/media\/92984"}],"wp:attachment":[{"href":"https:\/\/zamanturkmenistan.com.tm\/index.php?rest_route=%2Fwp%2Fv2%2Fmedia&parent=92983"}],"wp:term":[{"taxonomy":"category","embeddable":true,"href":"https:\/\/zamanturkmenistan.com.tm\/index.php?rest_route=%2Fwp%2Fv2%2Fcategories&post=92983"},{"taxonomy":"post_tag","embeddable":true,"href":"https:\/\/zamanturkmenistan.com.tm\/index.php?rest_route=%2Fwp%2Fv2%2Ftags&post=92983"}],"curies":[{"name":"wp","href":"https:\/\/api.w.org\/{rel}","templated":true}]}}