{"id":93042,"date":"2023-11-24T08:01:35","date_gmt":"2023-11-24T03:01:35","guid":{"rendered":"https:\/\/zamanturkmenistan.com.tm\/?p=93042"},"modified":"2023-11-23T19:09:56","modified_gmt":"2023-11-23T14:09:56","slug":"gara-gozel-atly-cagalar-romany-cap-edilyar","status":"publish","type":"post","link":"https:\/\/zamanturkmenistan.com.tm\/?p=93042","title":{"rendered":"\u00abGa\u00adra g\u00f6\u00adzel\u00bb at\u00adly \u00e7a\u00adga\u00adlar ro\u00adma\u00adny \u00e7ap edil\u00ad\u00fd\u00e4r"},"content":{"rendered":"<p>1877-nji \u00fdy\u00adly\u0148 24-nji no\u00ad\u00fdab\u00adryn\u00adda i\u0148\u00adlis \u00fda\u00adzy\u00adjy\u00adsy An\u00adna S\u00fdue\u00adli\u0148 bir aty\u0148 ba\u015f\u00addan ge\u00ad\u00e7i\u00adren\u00adle\u00adri ba\u00adra\u00adda g\u00fcr\u00adr\u00fc\u0148 ber\u00ad\u00fd\u00e4n \u00abGa\u00adra g\u00f6\u00adzel\u00bb at\u00adly \u00e7a\u00adga\u00adlar ro\u00adma\u00adny \u00e7ap edil\u00ad\u00fd\u00e4r. D\u00fcr\u00adli dil\u00adle\u00adre ter\u00adji\u00adme edi\u00adlen bu eser aw\u00adto\u00adry\u0148 \u00fde\u00adke-t\u00e4k ese\u00adri\u00addi\u00adgi\u00adne ga\u00adra\u00admaz\u00addan, h\u00e4\u00adzi\u00adre \u00e7en\u00adli d\u00fcn\u00ad\u00fd\u00e4\u00adni\u0148 i\u0148 k\u00f6p sa\u00adtyl\u00ad\u00fdan ki\u00adtap\u00adla\u00adry\u00adny\u0148 ara\u00adsyn\u00adda \u00f6\u0148\u00add\u00e4\u00adki orun\u00adla\u00adry e\u00fde\u00adle\u00ad\u00fd\u00e4r. Ki\u00adtap\u00adda jan\u00adly-jan\u00addar\u00adla\u00adry\u0148 \u00fdag\u00adda\u00ad\u00fdy \u00fda\u00adkyn\u00addan \u00f6w\u00adre\u00addil\u00ad\u00fd\u00e4r, adam\u00adla\u00adra we ha\u00fd\u00adwan\u00adla\u00adra ho\u015f\u00adni\u00ad\u00fdet\u00adli ga\u00adra\u00admak, hor\u00admat go\u00fd\u00admak \u00fcn\u00addel\u00ad\u00fd\u00e4r.<\/p>\n","protected":false},"excerpt":{"rendered":"<p>1877-nji \u00fdy\u00adly\u0148 24-nji no\u00ad\u00fdab\u00adryn\u00adda i\u0148\u00adlis \u00fda\u00adzy\u00adjy\u00adsy An\u00adna S\u00fdue\u00adli\u0148 bir aty\u0148 ba\u015f\u00addan ge\u00ad\u00e7i\u00adren\u00adle\u00adri ba\u00adra\u00adda g\u00fcr\u00adr\u00fc\u0148 ber\u00ad\u00fd\u00e4n \u00abGa\u00adra g\u00f6\u00adzel\u00bb at\u00adly \u00e7a\u00adga\u00adlar ro\u00adma\u00adny \u00e7ap edil\u00ad\u00fd\u00e4r. D\u00fcr\u00adli dil\u00adle\u00adre ter\u00adji\u00adme edi\u00adlen bu eser aw\u00adto\u00adry\u0148 \u00fde\u00adke-t\u00e4k ese\u00adri\u00addi\u00adgi\u00adne ga\u00adra\u00admaz\u00addan, h\u00e4\u00adzi\u00adre \u00e7en\u00adli d\u00fcn\u00ad\u00fd\u00e4\u00adni\u0148 i\u0148 k\u00f6p sa\u00adtyl\u00ad\u00fdan ki\u00adtap\u00adla\u00adry\u00adny\u0148 ara\u00adsyn\u00adda \u00f6\u0148\u00add\u00e4\u00adki orun\u00adla\u00adry e\u00fde\u00adle\u00ad\u00fd\u00e4r. Ki\u00adtap\u00adda jan\u00adly-jan\u00addar\u00adla\u00adry\u0148 \u00fdag\u00adda\u00ad\u00fdy \u00fda\u00adkyn\u00addan \u00f6w\u00adre\u00addil\u00ad\u00fd\u00e4r, adam\u00adla\u00adra we ha\u00fd\u00adwan\u00adla\u00adra ho\u015f\u00adni\u00ad\u00fdet\u00adli ga\u00adra\u00admak, hor\u00admat go\u00fd\u00admak [&hellip;]<\/p>\n","protected":false},"author":2,"featured_media":93043,"comment_status":"open","ping_status":"closed","sticky":false,"template":"","format":"standard","meta":{"footnotes":""},"categories":[402],"tags":[],"acf":[],"_links":{"self":[{"href":"https:\/\/zamanturkmenistan.com.tm\/index.php?rest_route=\/wp\/v2\/posts\/93042"}],"collection":[{"href":"https:\/\/zamanturkmenistan.com.tm\/index.php?rest_route=\/wp\/v2\/posts"}],"about":[{"href":"https:\/\/zamanturkmenistan.com.tm\/index.php?rest_route=\/wp\/v2\/types\/post"}],"author":[{"embeddable":true,"href":"https:\/\/zamanturkmenistan.com.tm\/index.php?rest_route=\/wp\/v2\/users\/2"}],"replies":[{"embeddable":true,"href":"https:\/\/zamanturkmenistan.com.tm\/index.php?rest_route=%2Fwp%2Fv2%2Fcomments&post=93042"}],"version-history":[{"count":1,"href":"https:\/\/zamanturkmenistan.com.tm\/index.php?rest_route=\/wp\/v2\/posts\/93042\/revisions"}],"predecessor-version":[{"id":93044,"href":"https:\/\/zamanturkmenistan.com.tm\/index.php?rest_route=\/wp\/v2\/posts\/93042\/revisions\/93044"}],"wp:featuredmedia":[{"embeddable":true,"href":"https:\/\/zamanturkmenistan.com.tm\/index.php?rest_route=\/wp\/v2\/media\/93043"}],"wp:attachment":[{"href":"https:\/\/zamanturkmenistan.com.tm\/index.php?rest_route=%2Fwp%2Fv2%2Fmedia&parent=93042"}],"wp:term":[{"taxonomy":"category","embeddable":true,"href":"https:\/\/zamanturkmenistan.com.tm\/index.php?rest_route=%2Fwp%2Fv2%2Fcategories&post=93042"},{"taxonomy":"post_tag","embeddable":true,"href":"https:\/\/zamanturkmenistan.com.tm\/index.php?rest_route=%2Fwp%2Fv2%2Ftags&post=93042"}],"curies":[{"name":"wp","href":"https:\/\/api.w.org\/{rel}","templated":true}]}}