{"id":93306,"date":"2023-11-27T10:06:50","date_gmt":"2023-11-27T05:06:50","guid":{"rendered":"https:\/\/zamanturkmenistan.com.tm\/?p=93306"},"modified":"2023-11-27T10:06:50","modified_gmt":"2023-11-27T05:06:50","slug":"yunesko-turki-dillerin-ilkinji-doly-sozluginin-950-yyllygyny-bellar","status":"publish","type":"post","link":"https:\/\/zamanturkmenistan.com.tm\/?p=93306","title":{"rendered":"\u00ddUNESKO t\u00fcrki dilleri\u0148 ilkinji doly s\u00f6zl\u00fcgini\u0148 950 \u00fdyllygyny bell\u00e4r"},"content":{"rendered":"<p>2024 \u2013 2025-nji \u00fdyl\u00adlar\u00adda \u00ddU\u00adNES\u00adKO-ny\u0148 \u00e7\u00e4k\u00adle\u00adrin\u00adde t\u00fcr\u00adki \u015fi\u00adwe\u00adle\u00adri\u00adni\u0148 \u00fdy\u00adgyn\u00addy\u00adsyn\u00addan yba\u00adrat \u201cDi\u00adwa\u00adny lu\u00adgat et-t\u00fcrk\u201d (\u201cT\u00fcr\u00adki dil\u00adle\u00adri\u0148 di\u00adwa\u00adny\u201d) s\u00f6z\u00adl\u00fc\u00adgi\u00adni\u0148 950 \u00fdyl\u00adly\u00adgy bel\u00adle\u00adner. Bu ba\u00adra\u00adda \u201cTrend\u201d web sa\u00fd\u00adty ha\u00adbar ber\u00ad\u00fd\u00e4r.<br \/>\nBu ka\u00adra\u00adry\u0148 \u00ddU\u00adNES\u00adKO-ny\u0148 Ba\u015f kon\u00adfe\u00adren\u00adsi\u00ad\u00fda\u00adsy\u00adny\u0148 42-nji ses\u00adsi\u00ad\u00fda\u00adsyn\u00adda ka\u00adbul edi\u00adlen\u00addi\u00adgi ba\u00adra\u00adda Azer\u00adba\u00fd\u00adja\u00adny\u0148 \u00ddU\u00adNES\u00adKO-ny\u0148 i\u015f\u00adle\u00adri bo\u00ad\u00fdun\u00ad\u00e7a Mil\u00adli ko\u00admis\u00adsi\u00ad\u00fda\u00adsy ha\u00adbar ber\u00addi. \u015ee\u00fd\u00adle-de, mej\u00adlis\u00adde me\u015f\u00adhur azer\u00adba\u00fd\u00adjan\u00adly bi\u00adna\u00adg\u00e4r Aje\u00admi Nah\u00ad\u00e7y\u00adwa\u00adni\u00adni\u0148 900 \u00fdyl\u00adly\u00adgy\u00adny bel\u00adle\u00admek ka\u00adra\u00adry\u00adna ge\u00adlin\u00addi.<br \/>\n\u00ddat\u00adlap ge\u00e7\u00adsek, \u201cDi\u00adwa\u00adny lu\u00adgat et-t\u00fcrk\u201d t\u00fcr\u00adki dil\u00adle\u00adri gi\u0148\u00adden \u00f6w\u00adre\u00adnen t\u00fcr\u00adko\u00adlog Mah\u00admyt Ka\u015f\u00adgar\u00adly ta\u00adra\u00adpyn\u00addan 1072 \u2013 74-nji \u00fdyl\u00adlar\u00adda d\u00fc\u00adz\u00fc\u00adlen t\u00fcr\u00adki dil\u00adle\u00adri\u0148 il\u00adkin\u00adji do\u00adly s\u00f6z\u00adl\u00fc\u00adgi\u00addir.<\/p>\n","protected":false},"excerpt":{"rendered":"<p>2024 \u2013 2025-nji \u00fdyl\u00adlar\u00adda \u00ddU\u00adNES\u00adKO-ny\u0148 \u00e7\u00e4k\u00adle\u00adrin\u00adde t\u00fcr\u00adki \u015fi\u00adwe\u00adle\u00adri\u00adni\u0148 \u00fdy\u00adgyn\u00addy\u00adsyn\u00addan yba\u00adrat \u201cDi\u00adwa\u00adny lu\u00adgat et-t\u00fcrk\u201d (\u201cT\u00fcr\u00adki dil\u00adle\u00adri\u0148 di\u00adwa\u00adny\u201d) s\u00f6z\u00adl\u00fc\u00adgi\u00adni\u0148 950 \u00fdyl\u00adly\u00adgy bel\u00adle\u00adner. Bu ba\u00adra\u00adda \u201cTrend\u201d web sa\u00fd\u00adty ha\u00adbar ber\u00ad\u00fd\u00e4r. Bu ka\u00adra\u00adry\u0148 \u00ddU\u00adNES\u00adKO-ny\u0148 Ba\u015f kon\u00adfe\u00adren\u00adsi\u00ad\u00fda\u00adsy\u00adny\u0148 42-nji ses\u00adsi\u00ad\u00fda\u00adsyn\u00adda ka\u00adbul edi\u00adlen\u00addi\u00adgi ba\u00adra\u00adda Azer\u00adba\u00fd\u00adja\u00adny\u0148 \u00ddU\u00adNES\u00adKO-ny\u0148 i\u015f\u00adle\u00adri bo\u00ad\u00fdun\u00ad\u00e7a Mil\u00adli ko\u00admis\u00adsi\u00ad\u00fda\u00adsy ha\u00adbar ber\u00addi. \u015ee\u00fd\u00adle-de, mej\u00adlis\u00adde me\u015f\u00adhur azer\u00adba\u00fd\u00adjan\u00adly bi\u00adna\u00adg\u00e4r Aje\u00admi Nah\u00ad\u00e7y\u00adwa\u00adni\u00adni\u0148 900 \u00fdyl\u00adly\u00adgy\u00adny bel\u00adle\u00admek [&hellip;]<\/p>\n","protected":false},"author":2,"featured_media":93307,"comment_status":"open","ping_status":"closed","sticky":false,"template":"","format":"standard","meta":{"footnotes":""},"categories":[5,11],"tags":[],"acf":[],"_links":{"self":[{"href":"https:\/\/zamanturkmenistan.com.tm\/index.php?rest_route=\/wp\/v2\/posts\/93306"}],"collection":[{"href":"https:\/\/zamanturkmenistan.com.tm\/index.php?rest_route=\/wp\/v2\/posts"}],"about":[{"href":"https:\/\/zamanturkmenistan.com.tm\/index.php?rest_route=\/wp\/v2\/types\/post"}],"author":[{"embeddable":true,"href":"https:\/\/zamanturkmenistan.com.tm\/index.php?rest_route=\/wp\/v2\/users\/2"}],"replies":[{"embeddable":true,"href":"https:\/\/zamanturkmenistan.com.tm\/index.php?rest_route=%2Fwp%2Fv2%2Fcomments&post=93306"}],"version-history":[{"count":1,"href":"https:\/\/zamanturkmenistan.com.tm\/index.php?rest_route=\/wp\/v2\/posts\/93306\/revisions"}],"predecessor-version":[{"id":93308,"href":"https:\/\/zamanturkmenistan.com.tm\/index.php?rest_route=\/wp\/v2\/posts\/93306\/revisions\/93308"}],"wp:featuredmedia":[{"embeddable":true,"href":"https:\/\/zamanturkmenistan.com.tm\/index.php?rest_route=\/wp\/v2\/media\/93307"}],"wp:attachment":[{"href":"https:\/\/zamanturkmenistan.com.tm\/index.php?rest_route=%2Fwp%2Fv2%2Fmedia&parent=93306"}],"wp:term":[{"taxonomy":"category","embeddable":true,"href":"https:\/\/zamanturkmenistan.com.tm\/index.php?rest_route=%2Fwp%2Fv2%2Fcategories&post=93306"},{"taxonomy":"post_tag","embeddable":true,"href":"https:\/\/zamanturkmenistan.com.tm\/index.php?rest_route=%2Fwp%2Fv2%2Ftags&post=93306"}],"curies":[{"name":"wp","href":"https:\/\/api.w.org\/{rel}","templated":true}]}}