{"id":93309,"date":"2023-11-27T10:26:48","date_gmt":"2023-11-27T05:26:48","guid":{"rendered":"https:\/\/zamanturkmenistan.com.tm\/?p=93309"},"modified":"2023-11-27T10:26:48","modified_gmt":"2023-11-27T05:26:48","slug":"aditya-l1-sonky-tapgyra-gadam-basdy","status":"publish","type":"post","link":"https:\/\/zamanturkmenistan.com.tm\/?p=93309","title":{"rendered":"\u201cAditya-L1\u201d so\u0148ky tapgyra gadam basdy"},"content":{"rendered":"<p>Hin\u00addis\u00adta\u00adny\u0148 \u201cAdi\u00adtya-L1\u201d kos\u00admos stan\u00adsi\u00ad\u00fda\u00adsy\u00adny\u0148 u\u00e7u\u00ad\u015fy ahyr\u00adky tap\u00adgy\u00adra ga\u00addam bas\u00addy. Mag\u00adlu\u00admat\u00adla\u00adra g\u00f6\u00adr\u00e4, en\u00adjam 2024-nji \u00fdy\u00adly\u0148 7-nji \u00fdan\u00adwa\u00adry\u00adna \u00e7en\u00adli \u201cLag\u00adran\u017e L1\u201d no\u00adka\u00addy\u00adna \u00fde\u00adtip, \u015fol \u00fder\u00adden G\u00fc\u00adne g\u00f6\u00adzeg\u00ad\u00e7i\u00adlik eder. Bu ba\u00adra\u00adda hin\u00addi kos\u00admos gul\u00adlu\u00adgy\u00adny\u0148 ba\u015f\u00adly\u00adgy \u015erid\u00adha\u00adra Pa\u00adni\u00adker Som\u00adnath m\u00e4\u00adlim et\u00addi.<br \/>\n-H\u00e4\u00adzir \u201cAdi\u00adtya\u201d \u00fdol\u00adda. Me\u00adni\u0148 pi\u00adki\u00adrim\u00ad\u00e7e, ol i\u0148 so\u0148\u00adky tap\u00adgy\u00adry\u00adna ba\u015f\u00adla\u00addy \u2013 di\u00ad\u00fdip, Som\u00adnath \u201cPress Trust of In\u00addia\u201d ha\u00adbar\u00adlar gul\u00adlu\u00adgy bi\u00adlen s\u00f6h\u00adbet\u00adde\u015f\u00adlik\u00adde a\u00fdt\u00addy. Onu\u0148 s\u00f6z\u00adle\u00adri\u00adne g\u00f6\u00adr\u00e4, stan\u00adsi\u00ad\u00fda\u00adny\u0148 L1 no\u00adka\u00addy\u00adna gir\u00adme\u00adgi \u00fc\u00e7in so\u0148\u00adky ta\u00fd\u00ad\u00fdar\u00adlyk g\u00f6\u00adr\u00fcl\u00ad\u00fd\u00e4r. Som\u00adnath: &#8211; L1-e gir\u00admek \u00fc\u00e7in i\u0148 so\u0148\u00adky he\u00adre\u00adket\u00adler 7-nji \u00fdan\u00adwa\u00adra \u00e7en\u00adli ta\u00admam\u00adla\u00adnyp bi\u00adler &#8211; di\u00ad\u00fdip s\u00f6\u00adz\u00fc\u00adni\u0148 \u00fcs\u00adt\u00fc\u00adni \u00fde\u00adtir\u00addi.<br \/>\nG\u00fc\u00adni \u00f6w\u00adren\u00admek bo\u00ad\u00fdun\u00ad\u00e7a il\u00adkin\u00adji \u201cAdi\u00adtya-L1\u201d hin\u00addi aw\u00adto\u00adma\u00adtik stan\u00adsi\u00ad\u00fda\u00adsy 2-nji sent\u00ad\u00fdabr\u00adda \u00dde\u00adri\u0148 or\u00adbi\u00adta\u00adsy\u00adna \u00e7y\u00adka\u00adryl\u00addy. \u00dc\u00e7 hep\u00adde t\u00f6\u00adwe\u00adre\u00adgi wagt\u00addan so\u0148 en\u00adjam \u00dder\u00adden 1,5 mil\u00adli\u00adon ki\u00adlo\u00admetr uzak\u00adlyk\u00adda \u00fder\u00adle\u015f\u00ad\u00fd\u00e4n \u201cLag\u00adran\u017e L1\u201d no\u00adka\u00addy\u00adna ta\u00adrap bar\u00ad\u00fdan tra\u00ad\u00fdek\u00adto\u00adri\u00ad\u00fda ge\u00ad\u00e7i\u00adril\u00addi. U\u00e7u\u015f 125 g\u00fcn do\u00adwam et\u00adme\u00adli. En\u00adjam e\u00fd\u00ad\u00fd\u00e4m G\u00fcn \u00fdel\u00adle\u00adri ba\u00adra\u00adda yl\u00admy mag\u00adlu\u00admat\u00adla\u00adry top\u00adla\u00adma\u00adga ba\u015f\u00adla\u00addy.<br \/>\n\u201cLag\u00adran\u017e\u201d no\u00adka\u00addyn\u00adda stan\u00adsi\u00ad\u00fda \u00dde\u00adre we G\u00fc\u00adne ga\u00adra\u00adny\u0148\u00adda, gy\u00admyl\u00addy\u00adsyz ga\u00adlyp, G\u00fcn \u015f\u00f6h\u00adle\u00adsi\u00adni \u00fdaz\u00adga al\u00admak bi\u00adlen, G\u00fc\u00adne p\u00e4s\u00adgel\u00ad\u00e7i\u00adlik\u00adsiz g\u00f6\u00adzeg\u00ad\u00e7i\u00adlik edip bi\u00adler.<\/p>\n","protected":false},"excerpt":{"rendered":"<p>Hin\u00addis\u00adta\u00adny\u0148 \u201cAdi\u00adtya-L1\u201d kos\u00admos stan\u00adsi\u00ad\u00fda\u00adsy\u00adny\u0148 u\u00e7u\u00ad\u015fy ahyr\u00adky tap\u00adgy\u00adra ga\u00addam bas\u00addy. Mag\u00adlu\u00admat\u00adla\u00adra g\u00f6\u00adr\u00e4, en\u00adjam 2024-nji \u00fdy\u00adly\u0148 7-nji \u00fdan\u00adwa\u00adry\u00adna \u00e7en\u00adli \u201cLag\u00adran\u017e L1\u201d no\u00adka\u00addy\u00adna \u00fde\u00adtip, \u015fol \u00fder\u00adden G\u00fc\u00adne g\u00f6\u00adzeg\u00ad\u00e7i\u00adlik eder. Bu ba\u00adra\u00adda hin\u00addi kos\u00admos gul\u00adlu\u00adgy\u00adny\u0148 ba\u015f\u00adly\u00adgy \u015erid\u00adha\u00adra Pa\u00adni\u00adker Som\u00adnath m\u00e4\u00adlim et\u00addi. -H\u00e4\u00adzir \u201cAdi\u00adtya\u201d \u00fdol\u00adda. Me\u00adni\u0148 pi\u00adki\u00adrim\u00ad\u00e7e, ol i\u0148 so\u0148\u00adky tap\u00adgy\u00adry\u00adna ba\u015f\u00adla\u00addy \u2013 di\u00ad\u00fdip, Som\u00adnath \u201cPress Trust of In\u00addia\u201d ha\u00adbar\u00adlar [&hellip;]<\/p>\n","protected":false},"author":2,"featured_media":89656,"comment_status":"open","ping_status":"closed","sticky":false,"template":"","format":"standard","meta":{"footnotes":""},"categories":[5],"tags":[],"acf":[],"_links":{"self":[{"href":"https:\/\/zamanturkmenistan.com.tm\/index.php?rest_route=\/wp\/v2\/posts\/93309"}],"collection":[{"href":"https:\/\/zamanturkmenistan.com.tm\/index.php?rest_route=\/wp\/v2\/posts"}],"about":[{"href":"https:\/\/zamanturkmenistan.com.tm\/index.php?rest_route=\/wp\/v2\/types\/post"}],"author":[{"embeddable":true,"href":"https:\/\/zamanturkmenistan.com.tm\/index.php?rest_route=\/wp\/v2\/users\/2"}],"replies":[{"embeddable":true,"href":"https:\/\/zamanturkmenistan.com.tm\/index.php?rest_route=%2Fwp%2Fv2%2Fcomments&post=93309"}],"version-history":[{"count":1,"href":"https:\/\/zamanturkmenistan.com.tm\/index.php?rest_route=\/wp\/v2\/posts\/93309\/revisions"}],"predecessor-version":[{"id":93310,"href":"https:\/\/zamanturkmenistan.com.tm\/index.php?rest_route=\/wp\/v2\/posts\/93309\/revisions\/93310"}],"wp:featuredmedia":[{"embeddable":true,"href":"https:\/\/zamanturkmenistan.com.tm\/index.php?rest_route=\/wp\/v2\/media\/89656"}],"wp:attachment":[{"href":"https:\/\/zamanturkmenistan.com.tm\/index.php?rest_route=%2Fwp%2Fv2%2Fmedia&parent=93309"}],"wp:term":[{"taxonomy":"category","embeddable":true,"href":"https:\/\/zamanturkmenistan.com.tm\/index.php?rest_route=%2Fwp%2Fv2%2Fcategories&post=93309"},{"taxonomy":"post_tag","embeddable":true,"href":"https:\/\/zamanturkmenistan.com.tm\/index.php?rest_route=%2Fwp%2Fv2%2Ftags&post=93309"}],"curies":[{"name":"wp","href":"https:\/\/api.w.org\/{rel}","templated":true}]}}