{"id":93311,"date":"2023-11-27T10:31:41","date_gmt":"2023-11-27T05:31:41","guid":{"rendered":"https:\/\/zamanturkmenistan.com.tm\/?p=93311"},"modified":"2023-11-27T10:31:41","modified_gmt":"2023-11-27T05:31:41","slug":"turkmen-milli-konserwatoriyasynda-a-hacaturyanyn-120-yyllygy-mynasybetli-konsert-geciriler","status":"publish","type":"post","link":"https:\/\/zamanturkmenistan.com.tm\/?p=93311","title":{"rendered":"T\u00fcrkmen milli konserwatori\u00fdasynda A.Ha\u00e7atur\u00fdany\u0148 120 \u00fdyllygy mynasybetli konsert ge\u00e7iriler"},"content":{"rendered":"<p>1-nji de\u00adkabr\u00adda Ma\u00ad\u00fda Ku\u00adly\u00ad\u00fde\u00adwa adyn\u00adda\u00adky T\u00fcrk\u00admen mil\u00adli kon\u00adser\u00adwa\u00adto\u00adri\u00ad\u00fda\u00adsyn\u00adda me\u015f\u00adhur kom\u00adpo\u00adzi\u00adtor Aram Ha\u00ad\u00e7a\u00adtur\u00ad\u00fda\u00adny\u0148 120 \u00fdyl\u00adly\u00adgy my\u00adna\u00adsy\u00adbet\u00adli kon\u00adsert ge\u00ad\u00e7i\u00adri\u00adler. \u015eol g\u00fcn sa\u00adgat 18:30-da kon\u00adser\u00adwa\u00adto\u00adri\u00ad\u00fda\u00adny\u0148 uly za\u00adlyn\u00adda \u00abHa\u00ad\u00e7a\u00adtur\u00ad\u00fda\u00adny\u0148 re\u0148k\u00adli d\u00fcn\u00ad\u00fd\u00e4\u00adsi\u00bb at\u00adly a\u00fd\u00addym-saz ag\u00ad\u015fa\u00admy bo\u00adlar.<br \/>\nAram Ha\u00ad\u00e7a\u00adtur\u00ad\u00fdan ze\u00adhin\u00adli kom\u00adpo\u00adzi\u00adtor bo\u00adlup, onu\u0148 eser\u00adle\u00adri XX asy\u00adry\u0148 a\u00fd\u00addym-saz sun\u00adga\u00adty\u00adny\u0148 nus\u00adga\u00adla\u00adry\u00adny\u0148 ha\u00adta\u00adry\u00adna gi\u00adri\u00adzi\u00adlen\u00addir. Kom\u00adpo\u00adzi\u00adto\u00adry\u0148 eser\u00adle\u00adri d\u00fcn\u00ad\u00fd\u00e4\u00adni\u0148 d\u00fcr\u00adli k\u00fcn\u00adjek\u00adle\u00adrin\u00adde, i\u0148 o\u0148at teatr sah\u00adna\u00adla\u00adryn\u00adda, kon\u00adsert me\u00fd\u00addan\u00ad\u00e7a\u00adla\u00adryn\u00adda, i\u0148 \u00e7et \u00fder\u00adler\u00adde hem a\u00fd\u00addym-saz sun\u00adga\u00adty\u00adny\u0148 we\u00adkil\u00adle\u00adri ta\u00adra\u00adpyn\u00addan \u00fde\u00adri\u00adne \u00fde\u00adti\u00adril\u00ad\u00fd\u00e4r.<br \/>\nHa\u00ad\u00e7a\u00adtur\u00ad\u00fda\u00adny\u0148 saz\u00adla\u00adry \u015fu g\u00fcn\u00adler hem ra\u00addio, te\u00adle\u00adwi\u00adde\u00adni\u00ad\u00fde we ki\u00adno sun\u00adga\u00adtyn\u00adda gi\u0148\u00adden ula\u00adnyl\u00ad\u00fdar. \u00ddU\u00adNES\u00adKO Ha\u00ad\u00e7a\u00adtur\u00ad\u00fda\u00adny\u0148 ady\u00adny XX asy\u00adry\u0148 i\u0148 me\u015f\u00adhur kom\u00adpo\u00adzi\u00adtor\u00adla\u00adry\u00adny\u0148 ara\u00adsyn\u00adda \u00fder\u00adle\u015f\u00addir\u00addi we bi\u00adzi\u0148 d\u00f6w\u00adr\u00fc\u00admi\u00adzi\u0148 i\u0148 me\u015f\u00adhur eser\u00adle\u00adri\u00adni\u0148 sa\u00adna\u00adwyn\u00adda \u00abGa\u00ad\u00fda\u00adne\u00bb ba\u00adle\u00adtin\u00adden \u00abSabr tan\u00adsy\u00adny\u00bb bi\u00adrin\u00adji \u00fder\u00adde go\u00fd\u00addy.<br \/>\n1-nji de\u00adkabr\u00adda ge\u00ad\u00e7i\u00adril\u00adjek \u00fdu\u00adbi\u00adle\u00fd kon\u00adser\u00adtin\u00adde Aram Ha\u00ad\u00e7a\u00adtur\u00ad\u00fda\u00adny\u0148 i\u0148 me\u015f\u00adhur eser\u00adle\u00adri: inst\u00adru\u00admen\u00adtal we ba\u00adlet\u00adler\u00adden b\u00f6\u00adlek\u00adle\u00adri \u00fde\u00adri\u00adne \u00fde\u00adti\u00adri\u00adler. Sah\u00adna\u00adda Kon\u00adser\u00adwa\u00adto\u00adri\u00ad\u00fda\u00adny\u0148 ta\u00adlyp\u00adla\u00adry we mu\u00adgal\u00adlym\u00adla\u00adry \u00e7y\u00adky\u015f eder\u00adler. \u00c7\u00e4\u00adr\u00e4 gi\u00adri\u015f t\u00f6\u00adleg\u00adsiz\u00addir.<\/p>\n","protected":false},"excerpt":{"rendered":"<p>1-nji de\u00adkabr\u00adda Ma\u00ad\u00fda Ku\u00adly\u00ad\u00fde\u00adwa adyn\u00adda\u00adky T\u00fcrk\u00admen mil\u00adli kon\u00adser\u00adwa\u00adto\u00adri\u00ad\u00fda\u00adsyn\u00adda me\u015f\u00adhur kom\u00adpo\u00adzi\u00adtor Aram Ha\u00ad\u00e7a\u00adtur\u00ad\u00fda\u00adny\u0148 120 \u00fdyl\u00adly\u00adgy my\u00adna\u00adsy\u00adbet\u00adli kon\u00adsert ge\u00ad\u00e7i\u00adri\u00adler. \u015eol g\u00fcn sa\u00adgat 18:30-da kon\u00adser\u00adwa\u00adto\u00adri\u00ad\u00fda\u00adny\u0148 uly za\u00adlyn\u00adda \u00abHa\u00ad\u00e7a\u00adtur\u00ad\u00fda\u00adny\u0148 re\u0148k\u00adli d\u00fcn\u00ad\u00fd\u00e4\u00adsi\u00bb at\u00adly a\u00fd\u00addym-saz ag\u00ad\u015fa\u00admy bo\u00adlar. Aram Ha\u00ad\u00e7a\u00adtur\u00ad\u00fdan ze\u00adhin\u00adli kom\u00adpo\u00adzi\u00adtor bo\u00adlup, onu\u0148 eser\u00adle\u00adri XX asy\u00adry\u0148 a\u00fd\u00addym-saz sun\u00adga\u00adty\u00adny\u0148 nus\u00adga\u00adla\u00adry\u00adny\u0148 ha\u00adta\u00adry\u00adna gi\u00adri\u00adzi\u00adlen\u00addir. Kom\u00adpo\u00adzi\u00adto\u00adry\u0148 eser\u00adle\u00adri d\u00fcn\u00ad\u00fd\u00e4\u00adni\u0148 d\u00fcr\u00adli k\u00fcn\u00adjek\u00adle\u00adrin\u00adde, i\u0148 o\u0148at teatr sah\u00adna\u00adla\u00adryn\u00adda, kon\u00adsert [&hellip;]<\/p>\n","protected":false},"author":2,"featured_media":93312,"comment_status":"open","ping_status":"closed","sticky":false,"template":"","format":"standard","meta":{"footnotes":""},"categories":[8273],"tags":[],"acf":[],"_links":{"self":[{"href":"https:\/\/zamanturkmenistan.com.tm\/index.php?rest_route=\/wp\/v2\/posts\/93311"}],"collection":[{"href":"https:\/\/zamanturkmenistan.com.tm\/index.php?rest_route=\/wp\/v2\/posts"}],"about":[{"href":"https:\/\/zamanturkmenistan.com.tm\/index.php?rest_route=\/wp\/v2\/types\/post"}],"author":[{"embeddable":true,"href":"https:\/\/zamanturkmenistan.com.tm\/index.php?rest_route=\/wp\/v2\/users\/2"}],"replies":[{"embeddable":true,"href":"https:\/\/zamanturkmenistan.com.tm\/index.php?rest_route=%2Fwp%2Fv2%2Fcomments&post=93311"}],"version-history":[{"count":1,"href":"https:\/\/zamanturkmenistan.com.tm\/index.php?rest_route=\/wp\/v2\/posts\/93311\/revisions"}],"predecessor-version":[{"id":93313,"href":"https:\/\/zamanturkmenistan.com.tm\/index.php?rest_route=\/wp\/v2\/posts\/93311\/revisions\/93313"}],"wp:featuredmedia":[{"embeddable":true,"href":"https:\/\/zamanturkmenistan.com.tm\/index.php?rest_route=\/wp\/v2\/media\/93312"}],"wp:attachment":[{"href":"https:\/\/zamanturkmenistan.com.tm\/index.php?rest_route=%2Fwp%2Fv2%2Fmedia&parent=93311"}],"wp:term":[{"taxonomy":"category","embeddable":true,"href":"https:\/\/zamanturkmenistan.com.tm\/index.php?rest_route=%2Fwp%2Fv2%2Fcategories&post=93311"},{"taxonomy":"post_tag","embeddable":true,"href":"https:\/\/zamanturkmenistan.com.tm\/index.php?rest_route=%2Fwp%2Fv2%2Ftags&post=93311"}],"curies":[{"name":"wp","href":"https:\/\/api.w.org\/{rel}","templated":true}]}}