{"id":93331,"date":"2023-11-27T11:53:05","date_gmt":"2023-11-27T06:53:05","guid":{"rendered":"https:\/\/zamanturkmenistan.com.tm\/?p=93331"},"modified":"2023-11-27T11:53:05","modified_gmt":"2023-11-27T06:53:05","slug":"hindistanyn-we-hytayyn-rayatlary-ucin-wizasyz-duzgun-giriziler","status":"publish","type":"post","link":"https:\/\/zamanturkmenistan.com.tm\/?p=93331","title":{"rendered":"Hindistany\u0148 we Hyta\u00fdy\u0148 ra\u00fdatlary \u00fc\u00e7in wizasyz d\u00fczg\u00fcn giriziler"},"content":{"rendered":"<p>Ma\u00adla\u00fd\u00adzi\u00ad\u00fda 1-nji de\u00adkabr\u00addan ba\u015f\u00adlap, Hin\u00addis\u00adta\u00adny\u0148 we Hy\u00adta\u00ad\u00fdy\u0148 ra\u00ad\u00fdat\u00adla\u00adry\u00adna wi\u00adza\u00adsyz gir\u00adm\u00e4\u00adge rug\u00adsat be\u00adrer. &#8211; \u015ee\u00fd\u00adle \u00e7\u00e4\u00adre\u00adler da\u00ad\u015fa\u00adry \u00fdurt\u00adly sy\u00ad\u00fda\u00adhat\u00ad\u00e7y\u00adla\u00adry \u00f6z\u00fc\u00adne \u00e7ek\u00adm\u00e4\u00adge g\u00f6\u00adn\u00fck\u00addi\u00adri\u00adlen\u00addir di\u00ad\u00fdip &#8211; \u00fdur\u00addu\u0148 Prem\u00ad\u00fder-mi\u00adnist\u00adri An\u00adwar Yb\u00adra\u00ad\u00fdym a\u00fdt\u00addy.<br \/>\nHy\u00adta\u00ad\u00fdy\u0148 we Hin\u00addis\u00adta\u00adny\u0148 ra\u00ad\u00fdat\u00adla\u00adry bu \u00fdurt\u00adda 30 g\u00fc\u00adne \u00e7en\u00adli wi\u00adza\u00adsyz ga\u00adlyp bi\u00adler\u00adler.<br \/>\n\u00dde\u00adri ge\u00adlen\u00adde bel\u00adl\u00e4p ge\u00e7\u00adsek, Hy\u00adta\u00fd 1-nji de\u00adkabr\u00addan Ma\u00adla\u00fd\u00adzi\u00ad\u00fda\u00adny\u0148 we \u00ddew\u00adro\u00adpa\u00adny\u0148 b\u00e4\u015f \u00fdur\u00addu\u00adny\u0148 &#8211; Is\u00adpa\u00adni\u00ad\u00fda\u00adni\u0148, Ita\u00adli\u00ad\u00fda\u00adny\u0148, Ni\u00adder\u00adland\u00adla\u00adry\u0148, Fran\u00adsi\u00ad\u00fda\u00adny\u0148 we Ger\u00adma\u00adni\u00ad\u00fda\u00adny\u0148 ra\u00ad\u00fdat\u00adla\u00adry \u00fc\u00e7in wi\u00adza\u00adsyz d\u00fcz\u00adg\u00fcn gi\u00adri\u00adzer. \u015ee\u00fd\u00adle\u00adlik\u00adde, ada\u00adty pas\u00adport bi\u00adlen 15 g\u00fc\u00adne \u00e7en\u00adli bu \u00fdurt\u00adla\u00adra bar\u00adma\u00adga m\u00fcm\u00adkin\u00ad\u00e7i\u00adlik d\u00f6\u00adre\u00addi\u00adler.<\/p>\n","protected":false},"excerpt":{"rendered":"<p>Ma\u00adla\u00fd\u00adzi\u00ad\u00fda 1-nji de\u00adkabr\u00addan ba\u015f\u00adlap, Hin\u00addis\u00adta\u00adny\u0148 we Hy\u00adta\u00ad\u00fdy\u0148 ra\u00ad\u00fdat\u00adla\u00adry\u00adna wi\u00adza\u00adsyz gir\u00adm\u00e4\u00adge rug\u00adsat be\u00adrer. &#8211; \u015ee\u00fd\u00adle \u00e7\u00e4\u00adre\u00adler da\u00ad\u015fa\u00adry \u00fdurt\u00adly sy\u00ad\u00fda\u00adhat\u00ad\u00e7y\u00adla\u00adry \u00f6z\u00fc\u00adne \u00e7ek\u00adm\u00e4\u00adge g\u00f6\u00adn\u00fck\u00addi\u00adri\u00adlen\u00addir di\u00ad\u00fdip &#8211; \u00fdur\u00addu\u0148 Prem\u00ad\u00fder-mi\u00adnist\u00adri An\u00adwar Yb\u00adra\u00ad\u00fdym a\u00fdt\u00addy. Hy\u00adta\u00ad\u00fdy\u0148 we Hin\u00addis\u00adta\u00adny\u0148 ra\u00ad\u00fdat\u00adla\u00adry bu \u00fdurt\u00adda 30 g\u00fc\u00adne \u00e7en\u00adli wi\u00adza\u00adsyz ga\u00adlyp bi\u00adler\u00adler. \u00dde\u00adri ge\u00adlen\u00adde bel\u00adl\u00e4p ge\u00e7\u00adsek, Hy\u00adta\u00fd 1-nji de\u00adkabr\u00addan Ma\u00adla\u00fd\u00adzi\u00ad\u00fda\u00adny\u0148 we \u00ddew\u00adro\u00adpa\u00adny\u0148 b\u00e4\u015f \u00fdur\u00addu\u00adny\u0148 &#8211; Is\u00adpa\u00adni\u00ad\u00fda\u00adni\u0148, Ita\u00adli\u00ad\u00fda\u00adny\u0148, [&hellip;]<\/p>\n","protected":false},"author":2,"featured_media":62992,"comment_status":"open","ping_status":"closed","sticky":false,"template":"","format":"standard","meta":{"footnotes":""},"categories":[5],"tags":[],"acf":[],"_links":{"self":[{"href":"https:\/\/zamanturkmenistan.com.tm\/index.php?rest_route=\/wp\/v2\/posts\/93331"}],"collection":[{"href":"https:\/\/zamanturkmenistan.com.tm\/index.php?rest_route=\/wp\/v2\/posts"}],"about":[{"href":"https:\/\/zamanturkmenistan.com.tm\/index.php?rest_route=\/wp\/v2\/types\/post"}],"author":[{"embeddable":true,"href":"https:\/\/zamanturkmenistan.com.tm\/index.php?rest_route=\/wp\/v2\/users\/2"}],"replies":[{"embeddable":true,"href":"https:\/\/zamanturkmenistan.com.tm\/index.php?rest_route=%2Fwp%2Fv2%2Fcomments&post=93331"}],"version-history":[{"count":1,"href":"https:\/\/zamanturkmenistan.com.tm\/index.php?rest_route=\/wp\/v2\/posts\/93331\/revisions"}],"predecessor-version":[{"id":93332,"href":"https:\/\/zamanturkmenistan.com.tm\/index.php?rest_route=\/wp\/v2\/posts\/93331\/revisions\/93332"}],"wp:featuredmedia":[{"embeddable":true,"href":"https:\/\/zamanturkmenistan.com.tm\/index.php?rest_route=\/wp\/v2\/media\/62992"}],"wp:attachment":[{"href":"https:\/\/zamanturkmenistan.com.tm\/index.php?rest_route=%2Fwp%2Fv2%2Fmedia&parent=93331"}],"wp:term":[{"taxonomy":"category","embeddable":true,"href":"https:\/\/zamanturkmenistan.com.tm\/index.php?rest_route=%2Fwp%2Fv2%2Fcategories&post=93331"},{"taxonomy":"post_tag","embeddable":true,"href":"https:\/\/zamanturkmenistan.com.tm\/index.php?rest_route=%2Fwp%2Fv2%2Ftags&post=93331"}],"curies":[{"name":"wp","href":"https:\/\/api.w.org\/{rel}","templated":true}]}}