{"id":93361,"date":"2023-11-27T15:36:52","date_gmt":"2023-11-27T10:36:52","guid":{"rendered":"https:\/\/zamanturkmenistan.com.tm\/?p=93361"},"modified":"2023-11-27T15:36:52","modified_gmt":"2023-11-27T10:36:52","slug":"bilelikdaki-amerikan-turkmen-konsertleri-geciriler","status":"publish","type":"post","link":"https:\/\/zamanturkmenistan.com.tm\/?p=93361","title":{"rendered":"Bilelikd\u00e4ki amerikan-t\u00fcrkmen konsertleri ge\u00e7iriler"},"content":{"rendered":"<p>AB\u015e-ny\u0148 T\u00fcrk\u00adme\u00adnis\u00adtan\u00adda\u00adky Il\u00ad\u00e7i\u00adha\u00adna\u00adsy 3-15-nji de\u00adkabr ara\u00adly\u00adgyn\u00adda Ame\u00adri\u00adkan sun\u00adgat i\u015f\u00adg\u00e4r\u00adle\u00adri Ke\u00fdt Bass bi\u00adlen \u00c4ron \u00dda\u00ad\u0148y\u0148 T\u00fcrk\u00adme\u00adnis\u00adta\u00adna \u00fde\u00adne bir sa\u00adpar et\u00adjek\u00addi\u00adgi\u00adni ha\u00adbar ber\u00ad\u00fd\u00e4r. Bass bi\u00adlen \u00dda\u0148 T\u00fcrk\u00adme\u00adnis\u00adta\u00adny\u0148 D\u00f6w\u00adlet sim\u00adfo\u00adni\u00adki or\u00adkest\u00adri, Ma\u00ad\u00fda Ku\u00adly\u00ad\u00fde\u00adwa adyn\u00adda\u00adky T\u00fcrk\u00admen mil\u00adli kon\u00adser\u00adwa\u00adto\u00adri\u00ad\u00fda\u00adsy, Ma\u00adry we Le\u00adbap we\u00adla\u00ad\u00fdat\u00adla\u00adry\u00adny\u0148 \u00fda\u015f\u00adlar hor to\u00adpar\u00adla\u00adry we \u00f6z\u00adba\u015f\u00addak sun\u00adgat i\u015f\u00adg\u00e4r\u00adle\u00adri bi\u00adlen aly\u015f-\u00e7a\u00adly\u015f se\u00admi\u00adnar\u00adla\u00adry\u00adna gat\u00adna\u00ad\u015far\u00adlar. \u015ee\u00fd\u00adle hem, mak\u00adsat\u00adna\u00adma\u00adny\u0148 \u00e7\u00e4\u00adgin\u00adde Brod\u00adwe\u00ad\u00fdi\u0148 klas\u00adsik\u00adle\u00adri\u00adni \u00f6z i\u00e7i\u00adne al\u00ad\u00fdan bi\u00adle\u00adlik\u00add\u00e4\u00adki ame\u00adri\u00adkan-t\u00fcrk\u00admen kon\u00adsert\u00adle\u00adri ge\u00ad\u00e7i\u00adri\u00adler. Kon\u00adsert\u00adler hem\u00adme\u00adler \u00fc\u00e7in a\u00e7yk bo\u00adlup, zal\u00adlar to\u00adma\u00ad\u015fa\u00ad\u00e7y\u00adla\u00adry\u0148 ge\u00adli\u015f no\u00adba\u00adty\u00adna g\u00f6\u00adr\u00e4 dol\u00addu\u00adry\u00adlar.<br \/>\nAme\u00adri\u00adkan sun\u00adgat i\u015f\u00adg\u00e4r\u00adle\u00adri 8-nji de\u00adkabr\u00adda Ma\u00adry we\u00adla\u00ad\u00fda\u00adtyn\u00adda sa\u00adpar\u00adda bo\u00adlup, M.Ke\u00admi\u00adne adyn\u00adda\u00adky d\u00f6w\u00adlet dra\u00adma te\u00adat\u00adryn\u00adda \u00e7y\u00adky\u015f eder\u00adler. Kon\u00adsert \u015fol g\u00fcn 19:00-da ba\u015f\u00adlan\u00ad\u00fdar.<br \/>\nDa\u00ad\u015fa\u00adry \u00fdurt\u00adly sun\u00adgat us\u00adsat\u00adla\u00adry\u00adny\u0148 gat\u00adna\u015f\u00adma\u00adgyn\u00adda 11-nji de\u00adkabr\u00adda, sa\u00adgat 19:00 Le\u00adbap we\u00adla\u00ad\u00fda\u00adty\u00adny\u0148 S. Se\u00fd\u00addi adyn\u00adda\u00adky d\u00f6w\u00adlet saz\u00adly dra\u00adma te\u00adat\u00adryn\u00adda kon\u00adsert ber\u00adler. Sun\u00adgat i\u015f\u00adg\u00e4r\u00adle\u00adri\u00adni\u0148 A\u015f\u00adga\u00adbat \u015f\u00e4\u00adhe\u00adrin\u00add\u00e4\u00adki kon\u00adser\u00adti 15-nji de\u00adkabr\u00adda sa\u00adgat 19:00-da T\u00fcrk\u00adme\u00adnis\u00adta\u00adny\u0148 D\u00f6w\u00adlet me\u00adde\u00adni\u00ad\u00fdet mer\u00adke\u00adzin\u00adde ge\u00ad\u00e7i\u00adri\u00adler.<\/p>\n","protected":false},"excerpt":{"rendered":"<p>AB\u015e-ny\u0148 T\u00fcrk\u00adme\u00adnis\u00adtan\u00adda\u00adky Il\u00ad\u00e7i\u00adha\u00adna\u00adsy 3-15-nji de\u00adkabr ara\u00adly\u00adgyn\u00adda Ame\u00adri\u00adkan sun\u00adgat i\u015f\u00adg\u00e4r\u00adle\u00adri Ke\u00fdt Bass bi\u00adlen \u00c4ron \u00dda\u00ad\u0148y\u0148 T\u00fcrk\u00adme\u00adnis\u00adta\u00adna \u00fde\u00adne bir sa\u00adpar et\u00adjek\u00addi\u00adgi\u00adni ha\u00adbar ber\u00ad\u00fd\u00e4r. Bass bi\u00adlen \u00dda\u0148 T\u00fcrk\u00adme\u00adnis\u00adta\u00adny\u0148 D\u00f6w\u00adlet sim\u00adfo\u00adni\u00adki or\u00adkest\u00adri, Ma\u00ad\u00fda Ku\u00adly\u00ad\u00fde\u00adwa adyn\u00adda\u00adky T\u00fcrk\u00admen mil\u00adli kon\u00adser\u00adwa\u00adto\u00adri\u00ad\u00fda\u00adsy, Ma\u00adry we Le\u00adbap we\u00adla\u00ad\u00fdat\u00adla\u00adry\u00adny\u0148 \u00fda\u015f\u00adlar hor to\u00adpar\u00adla\u00adry we \u00f6z\u00adba\u015f\u00addak sun\u00adgat i\u015f\u00adg\u00e4r\u00adle\u00adri bi\u00adlen aly\u015f-\u00e7a\u00adly\u015f se\u00admi\u00adnar\u00adla\u00adry\u00adna gat\u00adna\u00ad\u015far\u00adlar. \u015ee\u00fd\u00adle hem, mak\u00adsat\u00adna\u00adma\u00adny\u0148 \u00e7\u00e4\u00adgin\u00adde Brod\u00adwe\u00ad\u00fdi\u0148 klas\u00adsik\u00adle\u00adri\u00adni [&hellip;]<\/p>\n","protected":false},"author":2,"featured_media":93362,"comment_status":"open","ping_status":"closed","sticky":false,"template":"","format":"standard","meta":{"footnotes":""},"categories":[8273],"tags":[],"acf":[],"_links":{"self":[{"href":"https:\/\/zamanturkmenistan.com.tm\/index.php?rest_route=\/wp\/v2\/posts\/93361"}],"collection":[{"href":"https:\/\/zamanturkmenistan.com.tm\/index.php?rest_route=\/wp\/v2\/posts"}],"about":[{"href":"https:\/\/zamanturkmenistan.com.tm\/index.php?rest_route=\/wp\/v2\/types\/post"}],"author":[{"embeddable":true,"href":"https:\/\/zamanturkmenistan.com.tm\/index.php?rest_route=\/wp\/v2\/users\/2"}],"replies":[{"embeddable":true,"href":"https:\/\/zamanturkmenistan.com.tm\/index.php?rest_route=%2Fwp%2Fv2%2Fcomments&post=93361"}],"version-history":[{"count":1,"href":"https:\/\/zamanturkmenistan.com.tm\/index.php?rest_route=\/wp\/v2\/posts\/93361\/revisions"}],"predecessor-version":[{"id":93363,"href":"https:\/\/zamanturkmenistan.com.tm\/index.php?rest_route=\/wp\/v2\/posts\/93361\/revisions\/93363"}],"wp:featuredmedia":[{"embeddable":true,"href":"https:\/\/zamanturkmenistan.com.tm\/index.php?rest_route=\/wp\/v2\/media\/93362"}],"wp:attachment":[{"href":"https:\/\/zamanturkmenistan.com.tm\/index.php?rest_route=%2Fwp%2Fv2%2Fmedia&parent=93361"}],"wp:term":[{"taxonomy":"category","embeddable":true,"href":"https:\/\/zamanturkmenistan.com.tm\/index.php?rest_route=%2Fwp%2Fv2%2Fcategories&post=93361"},{"taxonomy":"post_tag","embeddable":true,"href":"https:\/\/zamanturkmenistan.com.tm\/index.php?rest_route=%2Fwp%2Fv2%2Ftags&post=93361"}],"curies":[{"name":"wp","href":"https:\/\/api.w.org\/{rel}","templated":true}]}}