{"id":93407,"date":"2023-11-27T16:07:41","date_gmt":"2023-11-27T11:07:41","guid":{"rendered":"https:\/\/zamanturkmenistan.com.tm\/?p=93407"},"modified":"2023-11-27T16:07:41","modified_gmt":"2023-11-27T11:07:41","slug":"berlinde-magtymguly-pyragynyn-nemes-dilindaki-gosgular-yygyndysynyn-tanysdyrylys-dabarasy-geciriler","status":"publish","type":"post","link":"https:\/\/zamanturkmenistan.com.tm\/?p=93407","title":{"rendered":"Berlinde Magtymguly Pyragyny\u0148 nemes dilind\u00e4ki go\u015fgular \u00fdygyndysyny\u0148 tany\u015fdyryly\u015f dabarasy ge\u00e7iriler"},"content":{"rendered":"<p>5-6-njy dekabrda Germani\u00fda Federatiw Respublikasyny\u0148 Berlin \u015f\u00e4herinde Magtymguly Pyragyny\u0148 nemes dilind\u00e4ki go\u015fgular \u00fdygyndysyny\u0148 tany\u015fdyryly\u015f dabarasy bolar.<br \/>\nAkyldar \u015fahyrymyz Magtymguly Pyragyny\u0148 nemes dilind\u00e4ki go\u015fgular \u00fdygyndysyny\u0148 tany\u015fdyryly\u015f dabarasy bilen birlikde, Berlinde \u00abMagtymgulyny\u0148 \u015fygry\u00fdetini\u0148 \u00ddewropaly alymlar tarapyndan \u00f6wrenili\u015fi\u00bb atly halkara ylmy maslahat, \u015fe\u00fdle-de onu\u0148 dowamynda medeni \u00e7\u00e4reler hem ge\u00e7iriler.<br \/>\nGermani\u00fda Federatiw Respublikasyny\u0148 Berlin \u015f\u00e4herinde ge\u00e7iriljek dabaralara \u00fdurdumyzy\u0148 d\u00f6redijilik wekili\u00fdeti hem gatna\u015farlar. Dabaralara gatna\u015fmak \u00fc\u00e7in ilde\u015flerimiz 3 \u2014 7-nji dekabr aralygynda Germani\u00fda Federatiw Respublikasynda i\u015f saparynda bolarlar.<\/p>\n","protected":false},"excerpt":{"rendered":"<p>5-6-njy dekabrda Germani\u00fda Federatiw Respublikasyny\u0148 Berlin \u015f\u00e4herinde Magtymguly Pyragyny\u0148 nemes dilind\u00e4ki go\u015fgular \u00fdygyndysyny\u0148 tany\u015fdyryly\u015f dabarasy bolar. Akyldar \u015fahyrymyz Magtymguly Pyragyny\u0148 nemes dilind\u00e4ki go\u015fgular \u00fdygyndysyny\u0148 tany\u015fdyryly\u015f dabarasy bilen birlikde, Berlinde \u00abMagtymgulyny\u0148 \u015fygry\u00fdetini\u0148 \u00ddewropaly alymlar tarapyndan \u00f6wrenili\u015fi\u00bb atly halkara ylmy maslahat, \u015fe\u00fdle-de onu\u0148 dowamynda medeni \u00e7\u00e4reler hem ge\u00e7iriler. Germani\u00fda Federatiw Respublikasyny\u0148 Berlin \u015f\u00e4herinde ge\u00e7iriljek dabaralara \u00fdurdumyzy\u0148 d\u00f6redijilik [&hellip;]<\/p>\n","protected":false},"author":2,"featured_media":93408,"comment_status":"open","ping_status":"closed","sticky":false,"template":"","format":"standard","meta":{"footnotes":""},"categories":[3],"tags":[],"acf":[],"_links":{"self":[{"href":"https:\/\/zamanturkmenistan.com.tm\/index.php?rest_route=\/wp\/v2\/posts\/93407"}],"collection":[{"href":"https:\/\/zamanturkmenistan.com.tm\/index.php?rest_route=\/wp\/v2\/posts"}],"about":[{"href":"https:\/\/zamanturkmenistan.com.tm\/index.php?rest_route=\/wp\/v2\/types\/post"}],"author":[{"embeddable":true,"href":"https:\/\/zamanturkmenistan.com.tm\/index.php?rest_route=\/wp\/v2\/users\/2"}],"replies":[{"embeddable":true,"href":"https:\/\/zamanturkmenistan.com.tm\/index.php?rest_route=%2Fwp%2Fv2%2Fcomments&post=93407"}],"version-history":[{"count":1,"href":"https:\/\/zamanturkmenistan.com.tm\/index.php?rest_route=\/wp\/v2\/posts\/93407\/revisions"}],"predecessor-version":[{"id":93409,"href":"https:\/\/zamanturkmenistan.com.tm\/index.php?rest_route=\/wp\/v2\/posts\/93407\/revisions\/93409"}],"wp:featuredmedia":[{"embeddable":true,"href":"https:\/\/zamanturkmenistan.com.tm\/index.php?rest_route=\/wp\/v2\/media\/93408"}],"wp:attachment":[{"href":"https:\/\/zamanturkmenistan.com.tm\/index.php?rest_route=%2Fwp%2Fv2%2Fmedia&parent=93407"}],"wp:term":[{"taxonomy":"category","embeddable":true,"href":"https:\/\/zamanturkmenistan.com.tm\/index.php?rest_route=%2Fwp%2Fv2%2Fcategories&post=93407"},{"taxonomy":"post_tag","embeddable":true,"href":"https:\/\/zamanturkmenistan.com.tm\/index.php?rest_route=%2Fwp%2Fv2%2Ftags&post=93407"}],"curies":[{"name":"wp","href":"https:\/\/api.w.org\/{rel}","templated":true}]}}