{"id":93520,"date":"2023-11-28T16:19:27","date_gmt":"2023-11-28T11:19:27","guid":{"rendered":"https:\/\/zamanturkmenistan.com.tm\/?p=93520"},"modified":"2023-11-28T16:19:27","modified_gmt":"2023-11-28T11:19:27","slug":"yeksenbede-ne-persembespor-ne-de-carsambaspor-yenis-gazandy","status":"publish","type":"post","link":"https:\/\/zamanturkmenistan.com.tm\/?p=93520","title":{"rendered":"\u00ddek\u015fenbede ne \u201cPer\u015fembespor\u201d, ne-de \u201c\u00c7ar\u015fambaspor\u201d \u00fde\u0148i\u015f gazandy"},"content":{"rendered":"<p>T\u00fcrki\u00fd\u00e4ni\u0148 sebitle\u00fdin h\u00f6wesje\u0148ler ligasyny\u0148 (BAL) 12-nji topar\u00e7asynda t\u00e4sin du\u015fu\u015fyk bolup ge\u00e7di. Has takygy toparlary\u0148 atlaryny\u0148 \u00f6zbolu\u015fly bolmagy du\u015fu\u015fygy\u0148 esasan hem sosial mediada \u00fcns merkezde bolmagyna seb\u00e4p boldy. 7-nji tapgyry\u0148 \u00e7\u00e4ginde ge\u00e7irilen iki go\u0148\u015fy wela\u00fdaty\u0148 (il) \u201cPer\u015fembespor\u201d bilen \u201c\u00c7ar\u015fambaspor\u201d toparlary du\u015fu\u015fdy. \u201cPer\u015fembespor\u201d topary \u00fdurdu\u0148 Ordu wela\u00fdatyny\u0148 Per\u015fembe etrabyny\u0148 (il\u00e7e) kluby bolup, \u201c\u00c7ar\u015fambaspor\u201d topary-da Samsun wela\u00fdatyny\u0148 \u00c7ar\u015famba etrabyny\u0148 klubudyr. \u00ddek\u015fenbe g\u00fcni ge\u00e7irilen du\u015fu\u015fyk \u00e7ekele\u015fikli \u00fdagda\u00fdda boldy we o\u00fdunda \u00fde\u0148i\u015f gazanan bolmady. \u00dder e\u00fdeleri \u201cPer\u015fembespor\u201d 2-0 \u00f6\u0148e sa\u00fdlansa-da, \u201c\u00c7ar\u015fambaspor\u201d 90+5-nji minutda hasaby de\u0148ledi du\u015fu\u015fyk 3-3 hasabynda de\u0148likde tamamlandy (Mustafa Akynjy 8, \u00ddasin \u00d6ztop 12, Tansu \u00ddazyjy 37 \u2013 Abdulkadir Kaplan 28, 46, Ha\u00fdri Kyjykoglu 90+5).<\/p>\n","protected":false},"excerpt":{"rendered":"<p>T\u00fcrki\u00fd\u00e4ni\u0148 sebitle\u00fdin h\u00f6wesje\u0148ler ligasyny\u0148 (BAL) 12-nji topar\u00e7asynda t\u00e4sin du\u015fu\u015fyk bolup ge\u00e7di. Has takygy toparlary\u0148 atlaryny\u0148 \u00f6zbolu\u015fly bolmagy du\u015fu\u015fygy\u0148 esasan hem sosial mediada \u00fcns merkezde bolmagyna seb\u00e4p boldy. 7-nji tapgyry\u0148 \u00e7\u00e4ginde ge\u00e7irilen iki go\u0148\u015fy wela\u00fdaty\u0148 (il) \u201cPer\u015fembespor\u201d bilen \u201c\u00c7ar\u015fambaspor\u201d toparlary du\u015fu\u015fdy. \u201cPer\u015fembespor\u201d topary \u00fdurdu\u0148 Ordu wela\u00fdatyny\u0148 Per\u015fembe etrabyny\u0148 (il\u00e7e) kluby bolup, \u201c\u00c7ar\u015fambaspor\u201d topary-da Samsun wela\u00fdatyny\u0148 \u00c7ar\u015famba [&hellip;]<\/p>\n","protected":false},"author":2,"featured_media":93517,"comment_status":"open","ping_status":"closed","sticky":false,"template":"","format":"standard","meta":{"footnotes":""},"categories":[8200,13],"tags":[8795,8797,8793,8799],"acf":[],"_links":{"self":[{"href":"https:\/\/zamanturkmenistan.com.tm\/index.php?rest_route=\/wp\/v2\/posts\/93520"}],"collection":[{"href":"https:\/\/zamanturkmenistan.com.tm\/index.php?rest_route=\/wp\/v2\/posts"}],"about":[{"href":"https:\/\/zamanturkmenistan.com.tm\/index.php?rest_route=\/wp\/v2\/types\/post"}],"author":[{"embeddable":true,"href":"https:\/\/zamanturkmenistan.com.tm\/index.php?rest_route=\/wp\/v2\/users\/2"}],"replies":[{"embeddable":true,"href":"https:\/\/zamanturkmenistan.com.tm\/index.php?rest_route=%2Fwp%2Fv2%2Fcomments&post=93520"}],"version-history":[{"count":1,"href":"https:\/\/zamanturkmenistan.com.tm\/index.php?rest_route=\/wp\/v2\/posts\/93520\/revisions"}],"predecessor-version":[{"id":93521,"href":"https:\/\/zamanturkmenistan.com.tm\/index.php?rest_route=\/wp\/v2\/posts\/93520\/revisions\/93521"}],"wp:featuredmedia":[{"embeddable":true,"href":"https:\/\/zamanturkmenistan.com.tm\/index.php?rest_route=\/wp\/v2\/media\/93517"}],"wp:attachment":[{"href":"https:\/\/zamanturkmenistan.com.tm\/index.php?rest_route=%2Fwp%2Fv2%2Fmedia&parent=93520"}],"wp:term":[{"taxonomy":"category","embeddable":true,"href":"https:\/\/zamanturkmenistan.com.tm\/index.php?rest_route=%2Fwp%2Fv2%2Fcategories&post=93520"},{"taxonomy":"post_tag","embeddable":true,"href":"https:\/\/zamanturkmenistan.com.tm\/index.php?rest_route=%2Fwp%2Fv2%2Ftags&post=93520"}],"curies":[{"name":"wp","href":"https:\/\/api.w.org\/{rel}","templated":true}]}}