{"id":93561,"date":"2023-11-29T11:22:42","date_gmt":"2023-11-29T06:22:42","guid":{"rendered":"https:\/\/zamanturkmenistan.com.tm\/?p=93561"},"modified":"2023-11-29T11:23:50","modified_gmt":"2023-11-29T06:23:50","slug":"turkmen-telekecileri-ozbegistanda-geciriljek-halkara-sergilere-cagyrylyar","status":"publish","type":"post","link":"https:\/\/zamanturkmenistan.com.tm\/?p=93561","title":{"rendered":"T\u00fcrkmen teleke\u00e7ileri \u00d6zbegistanda ge\u00e7iriljek halkara sergilere \u00e7agyryl\u00fdar"},"content":{"rendered":"<p>T\u00fcrk\u00adme\u00adnis\u00adta\u00adny\u0148 Se\u00adna\u00adgat\u00ad\u00e7y\u00adlar we te\u00adle\u00adke\u00ad\u00e7i\u00adler bir\u00adle\u015f\u00adme\u00adsi\u00adni\u0148 ag\u00adza\u00adla\u00adry \u00d6z\u00adbe\u00adgis\u00adtan Res\u00adpub\u00adli\u00adka\u00adsy\u00adny\u0148 Sa\u00admar\u00adkant \u015f\u00e4\u00adhe\u00adrin\u00adde ge\u00ad\u00e7i\u00adril\u00adjek \u015fu a\u015fak\u00adda g\u00f6r\u00adke\u00adzi\u00adlen hal\u00adka\u00adra ser\u00adgi\u00adle\u00adre gat\u00adna\u015f\u00adma\u00adga \u00e7a\u00adgy\u00adryl\u00ad\u00fdar:<br \/>\n2024-nji \u00fdy\u00adly\u0148 20-24-nji few\u00adra\u00adly ara\u00adly\u00adgyn\u00adda \u201cAg\u00adro Pro Expo\u201d \u2013 gi\u0148 ge\u00adrim\u00adli oba ho\u00adja\u00adlyk teh\u00adni\u00adka\u00adla\u00adry we teh\u00adno\u00adlo\u00adgi\u00ad\u00fda\u00adla\u00adry ser\u00adgi\u00adsi;<br \/>\n2024-nji \u00fdy\u00adly\u0148 28-29-njy few\u00adra\u00adlyn\u00adda \u201cWorld Edu\u201d \u2013 bi\u00adlim ul\u00adga\u00admy\u00adna de\u00adgi\u015f\u00adli d\u00fcr\u00adli fo\u00adrum\u00adla\u00adry\u0148 ge\u00ad\u00e7i\u00adril\u00adjek hal\u00adka\u00adra ser\u00adgi\u00adsi;<br \/>\n2024-nji \u00fdy\u00adly\u0148 23-24-nji ap\u00adre\u00adlin\u00adde \u201cExom &amp; Re\u00adta\u00adil Expo Sa\u00admar\u00adkand\u201d \u2013 elekt\u00adron s\u00f6w\u00adda\u00adsy we \u015fu ugur bo\u00ad\u00fdun\u00ad\u00e7a prog\u00adram\u00admir\u00adle\u00adme, d\u00fcr\u00adli elekt\u00adron hyz\u00admat\u00adlar bo\u00ad\u00fdun\u00ad\u00e7a hal\u00adka\u00adra ser\u00adgi;<br \/>\n2024-nji \u00fdy\u00adly\u0148 1-2-nji i\u00fdu\u00adnyn\u00adda \u201cPro\u00admo\u00adtors show Sa\u00admar\u00adkand\u201d \u2013 ulag hem-de \u00e4ti\u00ad\u00fda\u00e7\u00adlyk \u015fa\u00fd\u00adla\u00adry we teh\u00adno\u00adlo\u00adgi\u00ad\u00fda\u00adla\u00adry bo\u00ad\u00fdun\u00ad\u00e7a hal\u00adka\u00adra ser\u00adgi.<\/p>\n<p>Ha\u00adbar\u00adla\u015f\u00admak \u00fc\u00e7in:21-23-64, 21-23-75<br \/>\nIn\u00adter\u00adnet sa\u00adhy\u00adpa\u00adsy: www.so\u00adfexpo.uz<\/p>\n","protected":false},"excerpt":{"rendered":"<p>T\u00fcrk\u00adme\u00adnis\u00adta\u00adny\u0148 Se\u00adna\u00adgat\u00ad\u00e7y\u00adlar we te\u00adle\u00adke\u00ad\u00e7i\u00adler bir\u00adle\u015f\u00adme\u00adsi\u00adni\u0148 ag\u00adza\u00adla\u00adry \u00d6z\u00adbe\u00adgis\u00adtan Res\u00adpub\u00adli\u00adka\u00adsy\u00adny\u0148 Sa\u00admar\u00adkant \u015f\u00e4\u00adhe\u00adrin\u00adde ge\u00ad\u00e7i\u00adril\u00adjek \u015fu a\u015fak\u00adda g\u00f6r\u00adke\u00adzi\u00adlen hal\u00adka\u00adra ser\u00adgi\u00adle\u00adre gat\u00adna\u015f\u00adma\u00adga \u00e7a\u00adgy\u00adryl\u00ad\u00fdar: 2024-nji \u00fdy\u00adly\u0148 20-24-nji few\u00adra\u00adly ara\u00adly\u00adgyn\u00adda \u201cAg\u00adro Pro Expo\u201d \u2013 gi\u0148 ge\u00adrim\u00adli oba ho\u00adja\u00adlyk teh\u00adni\u00adka\u00adla\u00adry we teh\u00adno\u00adlo\u00adgi\u00ad\u00fda\u00adla\u00adry ser\u00adgi\u00adsi; 2024-nji \u00fdy\u00adly\u0148 28-29-njy few\u00adra\u00adlyn\u00adda \u201cWorld Edu\u201d \u2013 bi\u00adlim ul\u00adga\u00admy\u00adna de\u00adgi\u015f\u00adli d\u00fcr\u00adli fo\u00adrum\u00adla\u00adry\u0148 ge\u00ad\u00e7i\u00adril\u00adjek hal\u00adka\u00adra ser\u00adgi\u00adsi; 2024-nji \u00fdy\u00adly\u0148 23-24-nji ap\u00adre\u00adlin\u00adde \u201cExom [&hellip;]<\/p>\n","protected":false},"author":2,"featured_media":93562,"comment_status":"open","ping_status":"closed","sticky":false,"template":"","format":"standard","meta":{"footnotes":""},"categories":[8273,724],"tags":[],"acf":[],"_links":{"self":[{"href":"https:\/\/zamanturkmenistan.com.tm\/index.php?rest_route=\/wp\/v2\/posts\/93561"}],"collection":[{"href":"https:\/\/zamanturkmenistan.com.tm\/index.php?rest_route=\/wp\/v2\/posts"}],"about":[{"href":"https:\/\/zamanturkmenistan.com.tm\/index.php?rest_route=\/wp\/v2\/types\/post"}],"author":[{"embeddable":true,"href":"https:\/\/zamanturkmenistan.com.tm\/index.php?rest_route=\/wp\/v2\/users\/2"}],"replies":[{"embeddable":true,"href":"https:\/\/zamanturkmenistan.com.tm\/index.php?rest_route=%2Fwp%2Fv2%2Fcomments&post=93561"}],"version-history":[{"count":1,"href":"https:\/\/zamanturkmenistan.com.tm\/index.php?rest_route=\/wp\/v2\/posts\/93561\/revisions"}],"predecessor-version":[{"id":93563,"href":"https:\/\/zamanturkmenistan.com.tm\/index.php?rest_route=\/wp\/v2\/posts\/93561\/revisions\/93563"}],"wp:featuredmedia":[{"embeddable":true,"href":"https:\/\/zamanturkmenistan.com.tm\/index.php?rest_route=\/wp\/v2\/media\/93562"}],"wp:attachment":[{"href":"https:\/\/zamanturkmenistan.com.tm\/index.php?rest_route=%2Fwp%2Fv2%2Fmedia&parent=93561"}],"wp:term":[{"taxonomy":"category","embeddable":true,"href":"https:\/\/zamanturkmenistan.com.tm\/index.php?rest_route=%2Fwp%2Fv2%2Fcategories&post=93561"},{"taxonomy":"post_tag","embeddable":true,"href":"https:\/\/zamanturkmenistan.com.tm\/index.php?rest_route=%2Fwp%2Fv2%2Ftags&post=93561"}],"curies":[{"name":"wp","href":"https:\/\/api.w.org\/{rel}","templated":true}]}}