{"id":93617,"date":"2023-11-29T20:25:45","date_gmt":"2023-11-29T15:25:45","guid":{"rendered":"https:\/\/zamanturkmenistan.com.tm\/?p=93617"},"modified":"2023-11-29T20:25:45","modified_gmt":"2023-11-29T15:25:45","slug":"ekspo-2030-saud-arabystanynda-geciriler","status":"publish","type":"post","link":"https:\/\/zamanturkmenistan.com.tm\/?p=93617","title":{"rendered":"\u201cEkspo 2030\u201d Saud Arabystanynda ge\u00e7iriler"},"content":{"rendered":"<p>28-nji no\u00ad\u00fdabr\u00adda Fran\u00adsi\u00ad\u00fda\u00adny\u0148 pa\u00fd\u00adtag\u00adty Pa\u00adri\u017e\u00adde \u00fder\u00adle\u015f\u00ad\u00fd\u00e4n Hal\u00adka\u00adra ser\u00adgi\u00adler b\u00fdu\u00adro\u00adsy\u00adny\u0148 Ba\u015f As\u00adsamb\u00adle\u00ad\u00fda\u00adsy\u00adny\u0148 mas\u00adla\u00adha\u00adtyn\u00adda \u201cEks\u00adpo 2030\u201d ser\u00adgi\u00adsi\u00adni\u0148 ha\u00fd\u00adsy \u00fdurt\u00adda ge\u00ad\u00e7i\u00adril\u00adjek\u00addi\u00adgi ba\u00adra\u00adda ne\u00adti\u00adj\u00e4 ge\u00adlin\u00addi. Sa\u00adud Ara\u00adbys\u00adta\u00adny\u00adny\u0148 pa\u00fd\u00adtag\u00adty Er-Ri\u00ad\u00fdad 2030-njy \u00fdyl\u00adda ge\u00ad\u00e7i\u00adril\u00adjek iri hal\u00adka\u00adra ser\u00adgi\u00adni ge\u00ad\u00e7ir\u00adm\u00e4\u00adge hu\u00adkuk ga\u00adzan\u00addy.<br \/>\n\u00ddyg\u00adnak\u00adda Sa\u00adud Ara\u00adbys\u00adta\u00adny\u00adny\u0148, Ital\u00ad\u00fda\u00adny\u0148 we G\u00fc\u00adnor\u00adta Ko\u00adre\u00ad\u00fda\u00adny\u0148 we\u00adki\u00adli\u00ad\u00fdet\u00adle\u00adri Ba\u015f As\u00adsamb\u00adle\u00ad\u00fda\u00adda \u00f6z \u00fdurt\u00adla\u00adry\u00adny\u0148 da\u00adla\u015f\u00adg\u00e4r\u00adli\u00adgi ba\u00adra\u00adda tek\u00adlip\u00adle\u00adri\u00adni h\u00f6\u00add\u00fcr\u00adle\u00addi\u00adler. Ne\u00adti\u00adje\u00adde, Sau\u00addy Ara\u00adbys\u00adta\u00adny\u00adna 180 ag\u00adza d\u00f6w\u00adle\u00adti\u0148 elekt\u00adron usul\u00adda ses ber\u00adme\u00adgi bi\u00adlen bu \u00e7\u00e4\u00adr\u00e4\u00adni ge\u00ad\u00e7ir\u00adm\u00e4\u00adge hu\u00adkuk ga\u00adzan\u00addy.<br \/>\nSes ber\u00adli\u00ad\u015fi\u00adgi\u0148 \u00f6\u0148 \u00fda\u00adnyn\u00adda\u00adky \u00e7y\u00adky\u015f\u00adlar eda\u00adra\u00adny\u0148 jem\u00adgy\u00ad\u00fdet\u00ad\u00e7i\u00adlik med\u00ad\u00fda ak\u00adkaunt\u00adla\u00adry ar\u00adka\u00adly g\u00f6\u00adni \u00fda\u00fd\u00adlym\u00adda k\u00f6p\u00ad\u00e7\u00fc\u00adli\u00adge \u00fda\u00fd\u00adra\u00addyl\u00addy.<\/p>\n","protected":false},"excerpt":{"rendered":"<p>28-nji no\u00ad\u00fdabr\u00adda Fran\u00adsi\u00ad\u00fda\u00adny\u0148 pa\u00fd\u00adtag\u00adty Pa\u00adri\u017e\u00adde \u00fder\u00adle\u015f\u00ad\u00fd\u00e4n Hal\u00adka\u00adra ser\u00adgi\u00adler b\u00fdu\u00adro\u00adsy\u00adny\u0148 Ba\u015f As\u00adsamb\u00adle\u00ad\u00fda\u00adsy\u00adny\u0148 mas\u00adla\u00adha\u00adtyn\u00adda \u201cEks\u00adpo 2030\u201d ser\u00adgi\u00adsi\u00adni\u0148 ha\u00fd\u00adsy \u00fdurt\u00adda ge\u00ad\u00e7i\u00adril\u00adjek\u00addi\u00adgi ba\u00adra\u00adda ne\u00adti\u00adj\u00e4 ge\u00adlin\u00addi. Sa\u00adud Ara\u00adbys\u00adta\u00adny\u00adny\u0148 pa\u00fd\u00adtag\u00adty Er-Ri\u00ad\u00fdad 2030-njy \u00fdyl\u00adda ge\u00ad\u00e7i\u00adril\u00adjek iri hal\u00adka\u00adra ser\u00adgi\u00adni ge\u00ad\u00e7ir\u00adm\u00e4\u00adge hu\u00adkuk ga\u00adzan\u00addy. \u00ddyg\u00adnak\u00adda Sa\u00adud Ara\u00adbys\u00adta\u00adny\u00adny\u0148, Ital\u00ad\u00fda\u00adny\u0148 we G\u00fc\u00adnor\u00adta Ko\u00adre\u00ad\u00fda\u00adny\u0148 we\u00adki\u00adli\u00ad\u00fdet\u00adle\u00adri Ba\u015f As\u00adsamb\u00adle\u00ad\u00fda\u00adda \u00f6z \u00fdurt\u00adla\u00adry\u00adny\u0148 da\u00adla\u015f\u00adg\u00e4r\u00adli\u00adgi ba\u00adra\u00adda tek\u00adlip\u00adle\u00adri\u00adni h\u00f6\u00add\u00fcr\u00adle\u00addi\u00adler. Ne\u00adti\u00adje\u00adde, Sau\u00addy Ara\u00adbys\u00adta\u00adny\u00adna 180 ag\u00adza [&hellip;]<\/p>\n","protected":false},"author":2,"featured_media":93618,"comment_status":"open","ping_status":"closed","sticky":false,"template":"","format":"standard","meta":{"footnotes":""},"categories":[5],"tags":[],"acf":[],"_links":{"self":[{"href":"https:\/\/zamanturkmenistan.com.tm\/index.php?rest_route=\/wp\/v2\/posts\/93617"}],"collection":[{"href":"https:\/\/zamanturkmenistan.com.tm\/index.php?rest_route=\/wp\/v2\/posts"}],"about":[{"href":"https:\/\/zamanturkmenistan.com.tm\/index.php?rest_route=\/wp\/v2\/types\/post"}],"author":[{"embeddable":true,"href":"https:\/\/zamanturkmenistan.com.tm\/index.php?rest_route=\/wp\/v2\/users\/2"}],"replies":[{"embeddable":true,"href":"https:\/\/zamanturkmenistan.com.tm\/index.php?rest_route=%2Fwp%2Fv2%2Fcomments&post=93617"}],"version-history":[{"count":1,"href":"https:\/\/zamanturkmenistan.com.tm\/index.php?rest_route=\/wp\/v2\/posts\/93617\/revisions"}],"predecessor-version":[{"id":93619,"href":"https:\/\/zamanturkmenistan.com.tm\/index.php?rest_route=\/wp\/v2\/posts\/93617\/revisions\/93619"}],"wp:featuredmedia":[{"embeddable":true,"href":"https:\/\/zamanturkmenistan.com.tm\/index.php?rest_route=\/wp\/v2\/media\/93618"}],"wp:attachment":[{"href":"https:\/\/zamanturkmenistan.com.tm\/index.php?rest_route=%2Fwp%2Fv2%2Fmedia&parent=93617"}],"wp:term":[{"taxonomy":"category","embeddable":true,"href":"https:\/\/zamanturkmenistan.com.tm\/index.php?rest_route=%2Fwp%2Fv2%2Fcategories&post=93617"},{"taxonomy":"post_tag","embeddable":true,"href":"https:\/\/zamanturkmenistan.com.tm\/index.php?rest_route=%2Fwp%2Fv2%2Ftags&post=93617"}],"curies":[{"name":"wp","href":"https:\/\/api.w.org\/{rel}","templated":true}]}}