{"id":93739,"date":"2023-12-01T10:38:43","date_gmt":"2023-12-01T05:38:43","guid":{"rendered":"https:\/\/zamanturkmenistan.com.tm\/?p=93739"},"modified":"2023-12-01T10:38:43","modified_gmt":"2023-12-01T05:38:43","slug":"turkmenistanly-suratkes-hytay-we-merkezi-aziya-atly-nakgas-eserlerinin-halkara-sergisine-gatnasdy","status":"publish","type":"post","link":"https:\/\/zamanturkmenistan.com.tm\/?p=93739","title":{"rendered":"T\u00fcrkmenistanly suratke\u015f \u00abHyta\u00fd we Merkezi Azi\u00fda\u00bb atly nakga\u015f eserlerini\u0148 halkara sergisine gatna\u015fdy"},"content":{"rendered":"<p>17-25-nji no\u00ad\u00fdabr ara\u00adly\u00adgyn\u00adda Hy\u00adta\u00fd Halk Res\u00adpub\u00adli\u00adka\u00adsy\u00adny\u0148 Sz\u00fduan we\u00adla\u00ad\u00fda\u00adty\u00adny\u0148 mer\u00adke\u00adzin\u00adde \u00abHy\u00adta\u00fd we Mer\u00adke\u00adzi Azi\u00ad\u00fda\u00bb at\u00adly \u00fdag\u00adly re\u0148k\u00adli nak\u00adga\u015f eser\u00adle\u00adri\u00adni\u0148 hal\u00adka\u00adra ser\u00adgi\u00adsi gu\u00adral\u00addy.<br \/>\n\u00d6z\u00adbe\u00adgis\u00adta\u00adny\u0148, Gyr\u00adgy\u00adzys\u00adta\u00adny\u0148, T\u00e4\u00adji\u00adgis\u00adta\u00adny\u0148, Ga\u00adza\u00adgys\u00adta\u00adny\u0148 bel\u00adli nak\u00adga\u015f\u00adla\u00adry bi\u00adlen bir ha\u00adtar\u00adda bu me\u00adde\u00adni \u00e7\u00e4\u00adr\u00e4 bi\u00adzi\u0148 \u00fdur\u00addu\u00admyz\u00addan T\u00fcrk\u00adme\u00adnis\u00adta\u00adny\u0148 halk su\u00adrat\u00adke\u00ad\u015fi I\u015fan\u00adgu\u00adly I\u015fan\u00adgu\u00adly\u00ad\u00fdew gat\u00adna\u015f\u00addy. Ha\u00adly\u00adpa nak\u00adga\u015f \u00f6z\u00fc\u00adni\u0148 \u00abRo\u00addo\u00adgu\u00adna\u00bb, \u00abTu\u00admar \u015fa\u00bb, \u00abGum\u00adly ge\u00adlin\u00bb, \u00abKe\u00adje\u00adbe\u00bb, \u00ab\u00dc\u00e7 el\u00adti\u00bb \u00fda\u00adly eser\u00adle\u00adri bi\u00adlen bu \u00fde\u00adre ge\u00adlen\u00adle\u00adri ta\u00adny\u015f\u00addyr\u00addy.<br \/>\nSer\u00adgi\u00adni\u0148 do\u00adwa\u00admyn\u00adda o\u0148a gat\u00adna\u00ad\u015fan dost\u00adluk\u00adly \u00fdurt\u00adla\u00adry\u0148 nak\u00adga\u015f\u00adla\u00adry us\u00adsat\u00adlyk sa\u00adpak\u00adla\u00adry\u00adny ge\u00e7\u00addi\u00adler, bi\u00adrek-bi\u00adrek\u00adden tej\u00adri\u00adbe aly\u015f\u00addy\u00adlar we t\u00e4\u00adze eser d\u00f6\u00adret\u00addi\u00adler. I.I\u015fan\u00adgu\u00adly\u00ad\u00fdew ahal\u00adte\u00adke be\u00adde\u00adwi\u00admi\u00adze ba\u00adgy\u015f\u00adlap \u00e7e\u00adken \u00ab\u015ea\u00ads\u00f6\u00ad\u00fden\u00bb at\u00adly ese\u00adri\u00adni ser\u00adgi\u00adni gur\u00adna\u00fd\u00adjy\u00adla\u00adra sow\u00adgat ber\u00addi. Ser\u00adg\u00e4 gat\u00adna\u00ad\u015fan\u00adla\u00adra gur\u00adna\u00fd\u00adjy\u00adlar ta\u00adra\u00adpyn\u00addan dip\u00adlom gow\u00ad\u015fu\u00adryl\u00addy.<\/p>\n","protected":false},"excerpt":{"rendered":"<p>17-25-nji no\u00ad\u00fdabr ara\u00adly\u00adgyn\u00adda Hy\u00adta\u00fd Halk Res\u00adpub\u00adli\u00adka\u00adsy\u00adny\u0148 Sz\u00fduan we\u00adla\u00ad\u00fda\u00adty\u00adny\u0148 mer\u00adke\u00adzin\u00adde \u00abHy\u00adta\u00fd we Mer\u00adke\u00adzi Azi\u00ad\u00fda\u00bb at\u00adly \u00fdag\u00adly re\u0148k\u00adli nak\u00adga\u015f eser\u00adle\u00adri\u00adni\u0148 hal\u00adka\u00adra ser\u00adgi\u00adsi gu\u00adral\u00addy. \u00d6z\u00adbe\u00adgis\u00adta\u00adny\u0148, Gyr\u00adgy\u00adzys\u00adta\u00adny\u0148, T\u00e4\u00adji\u00adgis\u00adta\u00adny\u0148, Ga\u00adza\u00adgys\u00adta\u00adny\u0148 bel\u00adli nak\u00adga\u015f\u00adla\u00adry bi\u00adlen bir ha\u00adtar\u00adda bu me\u00adde\u00adni \u00e7\u00e4\u00adr\u00e4 bi\u00adzi\u0148 \u00fdur\u00addu\u00admyz\u00addan T\u00fcrk\u00adme\u00adnis\u00adta\u00adny\u0148 halk su\u00adrat\u00adke\u00ad\u015fi I\u015fan\u00adgu\u00adly I\u015fan\u00adgu\u00adly\u00ad\u00fdew gat\u00adna\u015f\u00addy. Ha\u00adly\u00adpa nak\u00adga\u015f \u00f6z\u00fc\u00adni\u0148 \u00abRo\u00addo\u00adgu\u00adna\u00bb, \u00abTu\u00admar \u015fa\u00bb, \u00abGum\u00adly ge\u00adlin\u00bb, \u00abKe\u00adje\u00adbe\u00bb, \u00ab\u00dc\u00e7 el\u00adti\u00bb \u00fda\u00adly eser\u00adle\u00adri bi\u00adlen [&hellip;]<\/p>\n","protected":false},"author":2,"featured_media":93740,"comment_status":"open","ping_status":"closed","sticky":false,"template":"","format":"standard","meta":{"footnotes":""},"categories":[3],"tags":[],"acf":[],"_links":{"self":[{"href":"https:\/\/zamanturkmenistan.com.tm\/index.php?rest_route=\/wp\/v2\/posts\/93739"}],"collection":[{"href":"https:\/\/zamanturkmenistan.com.tm\/index.php?rest_route=\/wp\/v2\/posts"}],"about":[{"href":"https:\/\/zamanturkmenistan.com.tm\/index.php?rest_route=\/wp\/v2\/types\/post"}],"author":[{"embeddable":true,"href":"https:\/\/zamanturkmenistan.com.tm\/index.php?rest_route=\/wp\/v2\/users\/2"}],"replies":[{"embeddable":true,"href":"https:\/\/zamanturkmenistan.com.tm\/index.php?rest_route=%2Fwp%2Fv2%2Fcomments&post=93739"}],"version-history":[{"count":1,"href":"https:\/\/zamanturkmenistan.com.tm\/index.php?rest_route=\/wp\/v2\/posts\/93739\/revisions"}],"predecessor-version":[{"id":93741,"href":"https:\/\/zamanturkmenistan.com.tm\/index.php?rest_route=\/wp\/v2\/posts\/93739\/revisions\/93741"}],"wp:featuredmedia":[{"embeddable":true,"href":"https:\/\/zamanturkmenistan.com.tm\/index.php?rest_route=\/wp\/v2\/media\/93740"}],"wp:attachment":[{"href":"https:\/\/zamanturkmenistan.com.tm\/index.php?rest_route=%2Fwp%2Fv2%2Fmedia&parent=93739"}],"wp:term":[{"taxonomy":"category","embeddable":true,"href":"https:\/\/zamanturkmenistan.com.tm\/index.php?rest_route=%2Fwp%2Fv2%2Fcategories&post=93739"},{"taxonomy":"post_tag","embeddable":true,"href":"https:\/\/zamanturkmenistan.com.tm\/index.php?rest_route=%2Fwp%2Fv2%2Ftags&post=93739"}],"curies":[{"name":"wp","href":"https:\/\/api.w.org\/{rel}","templated":true}]}}