{"id":93746,"date":"2023-12-01T11:06:14","date_gmt":"2023-12-01T06:06:14","guid":{"rendered":"https:\/\/zamanturkmenistan.com.tm\/?p=93746"},"modified":"2023-12-01T11:06:14","modified_gmt":"2023-12-01T06:06:14","slug":"5-nji-dekabrda-turkmenistanda-bayramcylyk-sowdalary-guralar","status":"publish","type":"post","link":"https:\/\/zamanturkmenistan.com.tm\/?p=93746","title":{"rendered":"5-nji dekabrda T\u00fcrkmenistanda ba\u00fdram\u00e7ylyk s\u00f6wdalary guralar"},"content":{"rendered":"<p>30-njy no\u00ad\u00fdabr\u00adda ge\u00ad\u00e7i\u00adri\u00adlen Mi\u00adnistr\u00adler Ka\u00adbi\u00adne\u00adti\u00adni\u0148 san\u00adly ul\u00adgam ar\u00adka\u00adly mej\u00adli\u00adsin\u00adde Mi\u00adnistr\u00adler Ka\u00adbi\u00adne\u00adti\u00adni\u0148 Ba\u015f\u00adly\u00adgy\u00adny\u0148 orun\u00adba\u00adsa\u00adry B.At\u00adda\u00ad\u00fdew s\u00f6w\u00adda top\u00adlu\u00admy ta\u00adra\u00adpyn\u00addan Hal\u00adka\u00adra Bi\u00adta\u00adrap\u00adlyk g\u00fc\u00adni we T\u00e4\u00adze \u00fdyl ba\u00fd\u00adra\u00admy my\u00adna\u00adsy\u00adbet\u00adli ge\u00ad\u00e7i\u00adril\u00ad\u00fd\u00e4n i\u015f\u00adler ba\u00adra\u00adda ha\u00adsa\u00adbat ber\u00addi. \u015eu\u00adnu\u0148 bi\u00adlen bag\u00adly\u00adlyk\u00adda, wi\u00adse-prem\u00ad\u00fder ila\u00adty\u0148 d\u00fcr\u00adli g\u00f6r\u00adn\u00fc\u015f\u00adli \u00f6n\u00fcm\u00adle\u00adre bo\u00adlan is\u00adleg\u00adle\u00adri\u00adni ka\u00adna\u00adgat\u00adlan\u00addyr\u00admak mak\u00adsa\u00addy bi\u00adlen, pa\u00fd\u00adtag\u00adty\u00admyz\u00adda, Ar\u00adka\u00addag \u015f\u00e4\u00adhe\u00adrin\u00adde we we\u00adla\u00ad\u00fdat\u00adlar\u00adda 5-nji de\u00adkabr\u00addan ba\u015f\u00adlap ba\u00fd\u00adram\u00ad\u00e7y\u00adlyk s\u00f6w\u00adda\u00adsy\u00adny gu\u00adra\u00admak, me\u00ad\u00fdil\u00adle\u015f\u00addi\u00adri\u00adlen \u00e7\u00e4\u00adre\u00adle\u00adri\u0148 \u00e7\u00e4k\u00adle\u00adrin\u00adde s\u00f6w\u00adda we be\u00fd\u00adle\u00adki hyz\u00admat\u00adla\u00adry h\u00f6\u00add\u00fcr\u00adle\u00admek bo\u00ad\u00fdun\u00ad\u00e7a de\u00adgi\u015f\u00adli i\u015f\u00adle\u00adri\u0148 al\u00adnyp ba\u00adryl\u00ad\u00fdan\u00addy\u00adgy\u00adny a\u00fdt\u00addy.<br \/>\nD\u00f6w\u00adlet Ba\u015f\u00adtu\u00adta\u00adny\u00admyz ha\u00adsa\u00adba\u00adty di\u0148\u00adl\u00e4p, Hal\u00adka\u00adra Bi\u00adta\u00adrap\u00adlyk g\u00fc\u00adni we T\u00e4\u00adze \u00fdyl ba\u00fd\u00adram\u00ad\u00e7y\u00adly\u00adgy my\u00adna\u00adsy\u00adbet\u00adli g\u00f6\u00e7\u00adme s\u00f6w\u00adda no\u00adkat\u00adla\u00adry\u00adny\u0148 gu\u00adral\u00adma\u00adgy\u00adny\u0148 m\u00f6\u00adh\u00fcm\u00addi\u00adgi\u00adne \u00fcn\u00adsi \u00e7ek\u00addi. Olar\u00adda ra\u00ad\u00fdat\u00adla\u00adry\u00admy\u00adzy\u0148 ba\u00fd\u00adram\u00ad\u00e7y\u00adlyk sa\u00ad\u00e7ak\u00adla\u00adry\u00adny naz-nyg\u00admat\u00adlar bi\u00adlen be\u00adze\u00adme\u00adgi \u00fc\u00e7in d\u00fcr\u00adli g\u00f6r\u00adn\u00fc\u015f\u00adli ha\u00adryt\u00adlar bol\u00adma\u00adly\u00addyr di\u00ad\u00fdip, hor\u00admat\u00adly Pre\u00adzi\u00adden\u00adti\u00admiz a\u00fdt\u00addy we wi\u00adse-prem\u00ad\u00fde\u00adre bir\u00adn\u00e4\u00ad\u00e7e anyk tab\u00ad\u015fy\u00adryk\u00adla\u00adry ber\u00addi.<\/p>\n","protected":false},"excerpt":{"rendered":"<p>30-njy no\u00ad\u00fdabr\u00adda ge\u00ad\u00e7i\u00adri\u00adlen Mi\u00adnistr\u00adler Ka\u00adbi\u00adne\u00adti\u00adni\u0148 san\u00adly ul\u00adgam ar\u00adka\u00adly mej\u00adli\u00adsin\u00adde Mi\u00adnistr\u00adler Ka\u00adbi\u00adne\u00adti\u00adni\u0148 Ba\u015f\u00adly\u00adgy\u00adny\u0148 orun\u00adba\u00adsa\u00adry B.At\u00adda\u00ad\u00fdew s\u00f6w\u00adda top\u00adlu\u00admy ta\u00adra\u00adpyn\u00addan Hal\u00adka\u00adra Bi\u00adta\u00adrap\u00adlyk g\u00fc\u00adni we T\u00e4\u00adze \u00fdyl ba\u00fd\u00adra\u00admy my\u00adna\u00adsy\u00adbet\u00adli ge\u00ad\u00e7i\u00adril\u00ad\u00fd\u00e4n i\u015f\u00adler ba\u00adra\u00adda ha\u00adsa\u00adbat ber\u00addi. \u015eu\u00adnu\u0148 bi\u00adlen bag\u00adly\u00adlyk\u00adda, wi\u00adse-prem\u00ad\u00fder ila\u00adty\u0148 d\u00fcr\u00adli g\u00f6r\u00adn\u00fc\u015f\u00adli \u00f6n\u00fcm\u00adle\u00adre bo\u00adlan is\u00adleg\u00adle\u00adri\u00adni ka\u00adna\u00adgat\u00adlan\u00addyr\u00admak mak\u00adsa\u00addy bi\u00adlen, pa\u00fd\u00adtag\u00adty\u00admyz\u00adda, Ar\u00adka\u00addag \u015f\u00e4\u00adhe\u00adrin\u00adde we we\u00adla\u00ad\u00fdat\u00adlar\u00adda 5-nji de\u00adkabr\u00addan ba\u015f\u00adlap ba\u00fd\u00adram\u00ad\u00e7y\u00adlyk s\u00f6w\u00adda\u00adsy\u00adny gu\u00adra\u00admak, me\u00ad\u00fdil\u00adle\u015f\u00addi\u00adri\u00adlen [&hellip;]<\/p>\n","protected":false},"author":2,"featured_media":93748,"comment_status":"open","ping_status":"closed","sticky":false,"template":"","format":"standard","meta":{"footnotes":""},"categories":[3],"tags":[],"acf":[],"_links":{"self":[{"href":"https:\/\/zamanturkmenistan.com.tm\/index.php?rest_route=\/wp\/v2\/posts\/93746"}],"collection":[{"href":"https:\/\/zamanturkmenistan.com.tm\/index.php?rest_route=\/wp\/v2\/posts"}],"about":[{"href":"https:\/\/zamanturkmenistan.com.tm\/index.php?rest_route=\/wp\/v2\/types\/post"}],"author":[{"embeddable":true,"href":"https:\/\/zamanturkmenistan.com.tm\/index.php?rest_route=\/wp\/v2\/users\/2"}],"replies":[{"embeddable":true,"href":"https:\/\/zamanturkmenistan.com.tm\/index.php?rest_route=%2Fwp%2Fv2%2Fcomments&post=93746"}],"version-history":[{"count":1,"href":"https:\/\/zamanturkmenistan.com.tm\/index.php?rest_route=\/wp\/v2\/posts\/93746\/revisions"}],"predecessor-version":[{"id":93749,"href":"https:\/\/zamanturkmenistan.com.tm\/index.php?rest_route=\/wp\/v2\/posts\/93746\/revisions\/93749"}],"wp:featuredmedia":[{"embeddable":true,"href":"https:\/\/zamanturkmenistan.com.tm\/index.php?rest_route=\/wp\/v2\/media\/93748"}],"wp:attachment":[{"href":"https:\/\/zamanturkmenistan.com.tm\/index.php?rest_route=%2Fwp%2Fv2%2Fmedia&parent=93746"}],"wp:term":[{"taxonomy":"category","embeddable":true,"href":"https:\/\/zamanturkmenistan.com.tm\/index.php?rest_route=%2Fwp%2Fv2%2Fcategories&post=93746"},{"taxonomy":"post_tag","embeddable":true,"href":"https:\/\/zamanturkmenistan.com.tm\/index.php?rest_route=%2Fwp%2Fv2%2Ftags&post=93746"}],"curies":[{"name":"wp","href":"https:\/\/api.w.org\/{rel}","templated":true}]}}