{"id":93768,"date":"2023-12-01T11:33:17","date_gmt":"2023-12-01T06:33:17","guid":{"rendered":"https:\/\/zamanturkmenistan.com.tm\/?p=93768"},"modified":"2023-12-04T10:33:03","modified_gmt":"2023-12-04T05:33:03","slug":"gazagystan-bilen-ozbegistany-birlesdiryan-taze-demir-yolun-gurlusygy-baslandy","status":"publish","type":"post","link":"https:\/\/zamanturkmenistan.com.tm\/?p=93768","title":{"rendered":"Gazagystan bilen \u00d6zbegistany birle\u015fdir\u00fd\u00e4n t\u00e4ze demir \u00fdolu\u0148 gurlu\u015fygyna ba\u015flandy"},"content":{"rendered":"<p>Ga\u00adza\u00adgys\u00adta\u00adny\u0148 \u00d6z\u00adbe\u00adgis\u00adtan bi\u00adlen ser\u00adhet\u00adle\u015f\u00ad\u00fd\u00e4n T\u00fcr\u00adk\u00fcs\u00adtan se\u00adbi\u00adtin\u00adde uzyn\u00adly\u00adgy 152 ki\u00adlo\u00admetr bo\u00adlan Dar\u00adbo\u00adza-Mak\u00adtaa\u00adral de\u00admir \u00fdo\u00adlu\u00adny\u0148 gur\u00adlu\u00ad\u015fy\u00adgy ba\u015f\u00adlan\u00addy. Mun\u00addan ba\u015f\u00adga-da, Ga\u00adza\u00adgys\u00adtan-\u00d6z\u00adbe\u00adgis\u00adtan ser\u00adhe\u00addin\u00adde t\u00e4\u00adze bar\u00adlag no\u00adka\u00addy\u00adny a\u00e7\u00admak me\u00ad\u00fdil\u00adle\u015f\u00addi\u00adril\u00ad\u00fd\u00e4r. Bu hak\u00adda Ga\u00adza\u00adgys\u00adta\u00adny\u0148 prem\u00ad\u00fder-mi\u00adnist\u00adri\u00adni\u0148 Met\u00adbu\u00adgat gul\u00adlu\u00adgy ha\u00adbar ber\u00ad\u00fd\u00e4r.<br \/>\nGa\u00adza\u00adgys\u00adta\u00adny\u0148 Prem\u00ad\u00fder-mi\u00adnist\u00adri Smai\u00adlo\u00adwy\u0148 a\u00fd\u00adtam\u00adgy\u00adna g\u00f6\u00adr\u00e4, t\u00e4\u00adze de\u00admir \u00fdol \u015fa\u00adha\u00adsy Ow\u00adga\u00adnys\u00adta\u00adna, E\u00fd\u00adra\u00adna, T\u00e4\u00adji\u00adgis\u00adta\u00adna, \u00d6z\u00adbe\u00adgis\u00adta\u00adna ug\u00adra\u00addyl\u00ad\u00fdan \u00fd\u00fck\u00adle\u00adri\u0148 has gys\u00adga wagt\u00adda bar\u00adma\u00adgy\u00adna \u00fdar\u00addam eder.<\/p>\n","protected":false},"excerpt":{"rendered":"<p>Ga\u00adza\u00adgys\u00adta\u00adny\u0148 \u00d6z\u00adbe\u00adgis\u00adtan bi\u00adlen ser\u00adhet\u00adle\u015f\u00ad\u00fd\u00e4n T\u00fcr\u00adk\u00fcs\u00adtan se\u00adbi\u00adtin\u00adde uzyn\u00adly\u00adgy 152 ki\u00adlo\u00admetr bo\u00adlan Dar\u00adbo\u00adza-Mak\u00adtaa\u00adral de\u00admir \u00fdo\u00adlu\u00adny\u0148 gur\u00adlu\u00ad\u015fy\u00adgy ba\u015f\u00adlan\u00addy. Mun\u00addan ba\u015f\u00adga-da, Ga\u00adza\u00adgys\u00adtan-\u00d6z\u00adbe\u00adgis\u00adtan ser\u00adhe\u00addin\u00adde t\u00e4\u00adze bar\u00adlag no\u00adka\u00addy\u00adny a\u00e7\u00admak me\u00ad\u00fdil\u00adle\u015f\u00addi\u00adril\u00ad\u00fd\u00e4r. Bu hak\u00adda Ga\u00adza\u00adgys\u00adta\u00adny\u0148 prem\u00ad\u00fder-mi\u00adnist\u00adri\u00adni\u0148 Met\u00adbu\u00adgat gul\u00adlu\u00adgy ha\u00adbar ber\u00ad\u00fd\u00e4r. Ga\u00adza\u00adgys\u00adta\u00adny\u0148 Prem\u00ad\u00fder-mi\u00adnist\u00adri Smai\u00adlo\u00adwy\u0148 a\u00fd\u00adtam\u00adgy\u00adna g\u00f6\u00adr\u00e4, t\u00e4\u00adze de\u00admir \u00fdol \u015fa\u00adha\u00adsy Ow\u00adga\u00adnys\u00adta\u00adna, E\u00fd\u00adra\u00adna, T\u00e4\u00adji\u00adgis\u00adta\u00adna, \u00d6z\u00adbe\u00adgis\u00adta\u00adna ug\u00adra\u00addyl\u00ad\u00fdan \u00fd\u00fck\u00adle\u00adri\u0148 has gys\u00adga wagt\u00adda bar\u00adma\u00adgy\u00adna \u00fdar\u00addam eder.<\/p>\n","protected":false},"author":2,"featured_media":63900,"comment_status":"open","ping_status":"closed","sticky":false,"template":"","format":"standard","meta":{"footnotes":""},"categories":[5],"tags":[],"acf":[],"_links":{"self":[{"href":"https:\/\/zamanturkmenistan.com.tm\/index.php?rest_route=\/wp\/v2\/posts\/93768"}],"collection":[{"href":"https:\/\/zamanturkmenistan.com.tm\/index.php?rest_route=\/wp\/v2\/posts"}],"about":[{"href":"https:\/\/zamanturkmenistan.com.tm\/index.php?rest_route=\/wp\/v2\/types\/post"}],"author":[{"embeddable":true,"href":"https:\/\/zamanturkmenistan.com.tm\/index.php?rest_route=\/wp\/v2\/users\/2"}],"replies":[{"embeddable":true,"href":"https:\/\/zamanturkmenistan.com.tm\/index.php?rest_route=%2Fwp%2Fv2%2Fcomments&post=93768"}],"version-history":[{"count":2,"href":"https:\/\/zamanturkmenistan.com.tm\/index.php?rest_route=\/wp\/v2\/posts\/93768\/revisions"}],"predecessor-version":[{"id":94016,"href":"https:\/\/zamanturkmenistan.com.tm\/index.php?rest_route=\/wp\/v2\/posts\/93768\/revisions\/94016"}],"wp:featuredmedia":[{"embeddable":true,"href":"https:\/\/zamanturkmenistan.com.tm\/index.php?rest_route=\/wp\/v2\/media\/63900"}],"wp:attachment":[{"href":"https:\/\/zamanturkmenistan.com.tm\/index.php?rest_route=%2Fwp%2Fv2%2Fmedia&parent=93768"}],"wp:term":[{"taxonomy":"category","embeddable":true,"href":"https:\/\/zamanturkmenistan.com.tm\/index.php?rest_route=%2Fwp%2Fv2%2Fcategories&post=93768"},{"taxonomy":"post_tag","embeddable":true,"href":"https:\/\/zamanturkmenistan.com.tm\/index.php?rest_route=%2Fwp%2Fv2%2Ftags&post=93768"}],"curies":[{"name":"wp","href":"https:\/\/api.w.org\/{rel}","templated":true}]}}