{"id":93846,"date":"2023-12-01T17:11:03","date_gmt":"2023-12-01T12:11:03","guid":{"rendered":"https:\/\/zamanturkmenistan.com.tm\/?p=93846"},"modified":"2023-12-01T17:11:03","modified_gmt":"2023-12-01T12:11:03","slug":"sagcy-erkinlik-partiyasy-niderlandlarda-gecirilen-parlament-saylawlarynda-yenis-gazandy","status":"publish","type":"post","link":"https:\/\/zamanturkmenistan.com.tm\/?p=93846","title":{"rendered":"Sag\u00e7y erkinlik parti\u00fdasy Niderlandlarda ge\u00e7irilen parlament sa\u00fdlawlarynda \u00fde\u0148i\u015f gazandy"},"content":{"rendered":"<p>Gert Wildersi\u0148 \u00fdolba\u015f\u00e7ylygyndaky Sag\u00e7y erkinlik parti\u00fdasy (FP) Niderlandlarda ge\u00e7irilen nobatdan da\u015fary parlament sa\u00fdlawlarynda \u00fde\u0148i\u015f gazandy. Bu barada \u00fdurdu\u0148 Sa\u00fdlaw Ge\u0148e\u015fi m\u00e4lim etdi.<\/p>\n<p>22-nji no\u00fdabrda ge\u00e7irilen ses beri\u015fligi\u0148 netijelerine g\u00f6r\u00e4, bu parti\u00fda parlamentd\u00e4ki 150 ornu\u0148 37-sine e\u00fde boldy. \u015ee\u00fdlelik bilen, sag\u00e7y parti\u00fda Niderlandlary\u0148 Wekiller palatasyny\u0148 ba\u015fyny \u00e7ekdi. Ikinji orunda, Z\u00e4hmet parti\u00fdasyndan we &#8220;\u00dda\u015fyl \u00e7ep&#8221; sy\u00fdasy g\u00fc\u00fd\u00e7den ybarat \u00e7ep bilele\u015figi, 25 orna e\u00fde boldy. Erkinlik we demokrati\u00fda \u00fc\u00e7in halk parti\u00fdasy 24 deputat mandaty bilen \u00fc\u00e7\u00fcnji \u00fderi e\u00fdeledi. Sa\u00fdlawlara gatna\u015fygy\u0148 77,7% bolandygy bellendi.<\/p>\n<p>Gutarnykly netijeler yglan edilenden so\u0148, Niderlandlary\u0148 parlamentind\u00e4ki i\u0148 uly parti\u00fdalar koalisi\u00fda h\u00f6k\u00fcmetini d\u00f6retmek barada geple\u015fiklere ba\u015flamaly. Niderlandlarda parlament sa\u00fdlawlary 2025-nji \u00fdylda ge\u00e7irilmelidi. \u015ee\u00fdle-de bolsa, immigrasi\u00fda sy\u00fdasatyndaky d\u00fc\u015f\u00fcni\u015fmezlikler seb\u00e4pli Prem\u00fder-ministr Mark R\u00fdutteni\u0148 Ministrler Kabineti 7-nji i\u00fdulda \u00f6z i\u015fini bes edenden so\u0148, \u015fu \u00fdyly\u0148 22-nji no\u00fdabrynda m\u00f6hletinden \u00f6\u0148 sa\u00fdlawlar ge\u00e7irilipdi.<\/p>\n","protected":false},"excerpt":{"rendered":"<p>Gert Wildersi\u0148 \u00fdolba\u015f\u00e7ylygyndaky Sag\u00e7y erkinlik parti\u00fdasy (FP) Niderlandlarda ge\u00e7irilen nobatdan da\u015fary parlament sa\u00fdlawlarynda \u00fde\u0148i\u015f gazandy. Bu barada \u00fdurdu\u0148 Sa\u00fdlaw Ge\u0148e\u015fi m\u00e4lim etdi. 22-nji no\u00fdabrda ge\u00e7irilen ses beri\u015fligi\u0148 netijelerine g\u00f6r\u00e4, bu parti\u00fda parlamentd\u00e4ki 150 ornu\u0148 37-sine e\u00fde boldy. \u015ee\u00fdlelik bilen, sag\u00e7y parti\u00fda Niderlandlary\u0148 Wekiller palatasyny\u0148 ba\u015fyny \u00e7ekdi. Ikinji orunda, Z\u00e4hmet parti\u00fdasyndan we &#8220;\u00dda\u015fyl \u00e7ep&#8221; sy\u00fdasy g\u00fc\u00fd\u00e7den [&hellip;]<\/p>\n","protected":false},"author":2,"featured_media":93847,"comment_status":"open","ping_status":"closed","sticky":false,"template":"","format":"standard","meta":{"footnotes":""},"categories":[5],"tags":[8817],"acf":[],"_links":{"self":[{"href":"https:\/\/zamanturkmenistan.com.tm\/index.php?rest_route=\/wp\/v2\/posts\/93846"}],"collection":[{"href":"https:\/\/zamanturkmenistan.com.tm\/index.php?rest_route=\/wp\/v2\/posts"}],"about":[{"href":"https:\/\/zamanturkmenistan.com.tm\/index.php?rest_route=\/wp\/v2\/types\/post"}],"author":[{"embeddable":true,"href":"https:\/\/zamanturkmenistan.com.tm\/index.php?rest_route=\/wp\/v2\/users\/2"}],"replies":[{"embeddable":true,"href":"https:\/\/zamanturkmenistan.com.tm\/index.php?rest_route=%2Fwp%2Fv2%2Fcomments&post=93846"}],"version-history":[{"count":1,"href":"https:\/\/zamanturkmenistan.com.tm\/index.php?rest_route=\/wp\/v2\/posts\/93846\/revisions"}],"predecessor-version":[{"id":93848,"href":"https:\/\/zamanturkmenistan.com.tm\/index.php?rest_route=\/wp\/v2\/posts\/93846\/revisions\/93848"}],"wp:featuredmedia":[{"embeddable":true,"href":"https:\/\/zamanturkmenistan.com.tm\/index.php?rest_route=\/wp\/v2\/media\/93847"}],"wp:attachment":[{"href":"https:\/\/zamanturkmenistan.com.tm\/index.php?rest_route=%2Fwp%2Fv2%2Fmedia&parent=93846"}],"wp:term":[{"taxonomy":"category","embeddable":true,"href":"https:\/\/zamanturkmenistan.com.tm\/index.php?rest_route=%2Fwp%2Fv2%2Fcategories&post=93846"},{"taxonomy":"post_tag","embeddable":true,"href":"https:\/\/zamanturkmenistan.com.tm\/index.php?rest_route=%2Fwp%2Fv2%2Ftags&post=93846"}],"curies":[{"name":"wp","href":"https:\/\/api.w.org\/{rel}","templated":true}]}}