{"id":93888,"date":"2023-12-02T09:29:33","date_gmt":"2023-12-02T04:29:33","guid":{"rendered":"https:\/\/zamanturkmenistan.com.tm\/?p=93888"},"modified":"2023-12-02T09:29:33","modified_gmt":"2023-12-02T04:29:33","slug":"turkmenistanda-yapon-filmlerinin-festiwaly-geciriler","status":"publish","type":"post","link":"https:\/\/zamanturkmenistan.com.tm\/?p=93888","title":{"rendered":"T\u00fcrkmenistanda \u00ddapon filmlerini\u0148 festiwaly ge\u00e7iriler"},"content":{"rendered":"<p>De\u00adkabr a\u00fdyn\u00adda T\u00fcrk\u00adme\u00adnis\u00adtan\u00adda \u00dda\u00adpon film\u00adle\u00adri\u00adni\u0148 7-nji fes\u00adti\u00adwa\u00adly ge\u00ad\u00e7i\u00adri\u00adler.<br \/>\nFes\u00adti\u00adwa\u00adly\u0148 a\u00e7y\u00adly\u015f da\u00adba\u00adra\u00adsy 15-nji de\u00adkabr\u00adda sa\u00adgat 17:30-da A\u015f\u00adga\u00adbat \u015f\u00e4\u00adhe\u00adrin\u00add\u00e4\u00adki \u00abA\u015f\u00adga\u00adbat\u00bb ki\u00adno\u00adte\u00adat\u00adryn\u00adda ge\u00ad\u00e7i\u00adri\u00adler.<br \/>\nFes\u00adti\u00adwal A\u015f\u00adga\u00adbat\u00adda 17-nji de\u00adkab\u00adra \u00e7en\u00adli do\u00adwam eder. On\u00adda de\u00adgi\u015f\u00adli yzy\u00adgi\u00adder\u00adli\u00adlik bo\u00ad\u00fdun\u00ad\u00e7a a\u015fak\u00adda\u00adky film\u00adler g\u00f6r\u00adke\u00adzi\u00adler:<br \/>\n15-nji de\u00adkabr sa\u00adgat 18:00-da \u2014 \u00abAs\u00adman\u00adda\u00adky res\u00adto\u00adran\u00bb fil\u00admi;<br \/>\n16-njy de\u00adkabr\u00adda sa\u00adgat 18:00-da \u2014 \u00abDi\u00ad\u0148e pi\u00ad\u015fik bil\u00ad\u00fd\u00e4r\u00bb fil\u00admi;<br \/>\n17-nji de\u00adkabr\u00adda sa\u00adgat 18:00-da \u00abTa\u00adke\u00ad\u015fi \u00dda\u00ad\u015fi\u00adro\u00adny\u0148 ani\u00adma\u00adsi\u00ad\u00fda\u00adsy\u00bb fil\u00admi.<br \/>\n23-nji de\u00adkabr\u00adda fes\u00adti\u00adwal \u00f6z i\u015fi\u00adni T\u00fcrk\u00adme\u00adna\u00adbat \u015f\u00e4\u00adhe\u00adrin\u00adde do\u00adwam et\u00addi\u00adrer. A\u00e7y\u00adly\u015f da\u00adba\u00adra\u00adsy sa\u00adgat 14:45-de Me\u00adde\u00adni\u00ad\u00fdet mer\u00adke\u00adzin\u00adde ge\u00ad\u00e7i\u00adri\u00adler. \u015eol g\u00fcn de\u00adgi\u015f\u00adli yzy\u00adgi\u00adder\u00adli\u00adlik bo\u00ad\u00fdun\u00ad\u00e7a a\u015fak\u00adda\u00adky film\u00adler g\u00f6r\u00adke\u00adzi\u00adler:<br \/>\nSa\u00adgat 15:00-da \u00abTa\u00adke\u00ad\u015fi \u00dda\u00ad\u015fi\u00adro\u00adny\u0148 ani\u00adma\u00adsi\u00ad\u00fda\u00adsy\u00bb fil\u00admi;<br \/>\nSa\u00adgat 17:00-da \u00abDi\u00ad\u0148e pi\u00ad\u015fik bil\u00ad\u00fd\u00e4r\u00bb fil\u00admi.<br \/>\nFes\u00adti\u00adwa\u00adla gir\u00admek \u00e4h\u00adli is\u00adleg bil\u00addir\u00ad\u00fd\u00e4n\u00adler \u00fc\u00e7in a\u00e7yk\u00addyr. Bu ba\u00adra\u00adda \u00dda\u00adpo\u00adni\u00ad\u00fda\u00adny\u0148 T\u00fcrk\u00adme\u00adnis\u00adtan\u00adda\u00adky il\u00ad\u00e7i\u00adha\u00adna\u00adsy ha\u00adbar ber\u00ad\u00fd\u00e4r.<\/p>\n","protected":false},"excerpt":{"rendered":"<p>De\u00adkabr a\u00fdyn\u00adda T\u00fcrk\u00adme\u00adnis\u00adtan\u00adda \u00dda\u00adpon film\u00adle\u00adri\u00adni\u0148 7-nji fes\u00adti\u00adwa\u00adly ge\u00ad\u00e7i\u00adri\u00adler. Fes\u00adti\u00adwa\u00adly\u0148 a\u00e7y\u00adly\u015f da\u00adba\u00adra\u00adsy 15-nji de\u00adkabr\u00adda sa\u00adgat 17:30-da A\u015f\u00adga\u00adbat \u015f\u00e4\u00adhe\u00adrin\u00add\u00e4\u00adki \u00abA\u015f\u00adga\u00adbat\u00bb ki\u00adno\u00adte\u00adat\u00adryn\u00adda ge\u00ad\u00e7i\u00adri\u00adler. Fes\u00adti\u00adwal A\u015f\u00adga\u00adbat\u00adda 17-nji de\u00adkab\u00adra \u00e7en\u00adli do\u00adwam eder. On\u00adda de\u00adgi\u015f\u00adli yzy\u00adgi\u00adder\u00adli\u00adlik bo\u00ad\u00fdun\u00ad\u00e7a a\u015fak\u00adda\u00adky film\u00adler g\u00f6r\u00adke\u00adzi\u00adler: 15-nji de\u00adkabr sa\u00adgat 18:00-da \u2014 \u00abAs\u00adman\u00adda\u00adky res\u00adto\u00adran\u00bb fil\u00admi; 16-njy de\u00adkabr\u00adda sa\u00adgat 18:00-da \u2014 \u00abDi\u00ad\u0148e pi\u00ad\u015fik bil\u00ad\u00fd\u00e4r\u00bb fil\u00admi; 17-nji de\u00adkabr\u00adda sa\u00adgat 18:00-da [&hellip;]<\/p>\n","protected":false},"author":2,"featured_media":93889,"comment_status":"open","ping_status":"closed","sticky":false,"template":"","format":"standard","meta":{"footnotes":""},"categories":[8273],"tags":[],"acf":[],"_links":{"self":[{"href":"https:\/\/zamanturkmenistan.com.tm\/index.php?rest_route=\/wp\/v2\/posts\/93888"}],"collection":[{"href":"https:\/\/zamanturkmenistan.com.tm\/index.php?rest_route=\/wp\/v2\/posts"}],"about":[{"href":"https:\/\/zamanturkmenistan.com.tm\/index.php?rest_route=\/wp\/v2\/types\/post"}],"author":[{"embeddable":true,"href":"https:\/\/zamanturkmenistan.com.tm\/index.php?rest_route=\/wp\/v2\/users\/2"}],"replies":[{"embeddable":true,"href":"https:\/\/zamanturkmenistan.com.tm\/index.php?rest_route=%2Fwp%2Fv2%2Fcomments&post=93888"}],"version-history":[{"count":1,"href":"https:\/\/zamanturkmenistan.com.tm\/index.php?rest_route=\/wp\/v2\/posts\/93888\/revisions"}],"predecessor-version":[{"id":93890,"href":"https:\/\/zamanturkmenistan.com.tm\/index.php?rest_route=\/wp\/v2\/posts\/93888\/revisions\/93890"}],"wp:featuredmedia":[{"embeddable":true,"href":"https:\/\/zamanturkmenistan.com.tm\/index.php?rest_route=\/wp\/v2\/media\/93889"}],"wp:attachment":[{"href":"https:\/\/zamanturkmenistan.com.tm\/index.php?rest_route=%2Fwp%2Fv2%2Fmedia&parent=93888"}],"wp:term":[{"taxonomy":"category","embeddable":true,"href":"https:\/\/zamanturkmenistan.com.tm\/index.php?rest_route=%2Fwp%2Fv2%2Fcategories&post=93888"},{"taxonomy":"post_tag","embeddable":true,"href":"https:\/\/zamanturkmenistan.com.tm\/index.php?rest_route=%2Fwp%2Fv2%2Ftags&post=93888"}],"curies":[{"name":"wp","href":"https:\/\/api.w.org\/{rel}","templated":true}]}}