{"id":94005,"date":"2023-12-04T10:07:42","date_gmt":"2023-12-04T05:07:42","guid":{"rendered":"https:\/\/zamanturkmenistan.com.tm\/?p=94005"},"modified":"2023-12-04T15:48:37","modified_gmt":"2023-12-04T10:48:37","slug":"cop28-sammitinin-wekilleri-oba-hojalygy-azyk-we-howanyn-uytgemegi-boyunca-careler-barada-jarnama-kabul-etdiler","status":"publish","type":"post","link":"https:\/\/zamanturkmenistan.com.tm\/?p=94005","title":{"rendered":"COP28 sammitini\u0148 wekilleri oba hojalygy, azyk we howany\u0148 \u00fc\u00fdtgemegi bo\u00fdun\u00e7a \u00e7\u00e4reler barada jarnama kabul etdiler"},"content":{"rendered":"<p>BMG-ni\u0148 Howany\u0148 \u00fc\u00fdtgemegi bo\u00fdun\u00e7a \u00c7ar\u00e7uwaly konwensi\u00fdasyna gatna\u015f\u00fdan taraplary\u0148 maslahatyny\u0148 28-nji mejlisini\u0148 delegatlary m\u00f6h\u00fcm jarnama gol \u00e7ekip, \u00fdurtlary oba hojalygy, azyk we howany\u0148 \u00fc\u00fdtgemegi babatda bilelikde i\u015flem\u00e4ge \u00e7agyrdylar.<br \/>\nCOP28-i\u0148 durnukly oba hojalygy, i\u00fdmit ulgamlary we howany\u0148 \u00fc\u00fdtgemegine gar\u015fy g\u00f6re\u015f bo\u00fdun\u00e7a hereketleri baradaky jarnama Duba\u00fdda ge\u00e7iril\u00fd\u00e4n COP28-i\u0148 \u00e7\u00e4ginde ge\u00e7irilen B\u00fctind\u00fcn\u00fd\u00e4 howa sammitini\u0148 \u00fd\u00f6rite sessi\u00fdasynda h\u00f6d\u00fcrlendi.<br \/>\nBu jarnamada global zy\u0148yndylary\u0148 meselesini \u00e7\u00f6zmek, \u015fe\u00fdle-de \u00f6n\u00fcm \u00f6nd\u00fcrijileri\u0148 \u00f6mr\u00fcni we eklen\u00e7 \u00fc\u00e7in seri\u015fdelerini goramak maksat edinil\u00fd\u00e4r.<br \/>\nJarnamany kabul etmek azyk ulgamlaryny berkitm\u00e4ge, howany\u0148 \u00fc\u00fdtgemegine gar\u015fy durnuklylygy \u00fdokarlandyrmaga, zy\u0148yndylary azaltmaga we BMG-ni\u0148 durnukly \u00f6s\u00fc\u015f maksatlaryna la\u00fdyklykda, a\u00e7lyga gar\u015fy global g\u00f6re\u015fe go\u015fant go\u015far.<br \/>\nBu resminama, d\u00fcn\u00fd\u00e4 ilatyny\u0148 ep-esli b\u00f6legine, esasan hem, yza galak \u00fdurtlary\u0148 we jemgy\u00fdetleri\u0148 \u00fda\u015fa\u00fdjylaryna \u00fdaramaz t\u00e4sir ed\u00fd\u00e4n howany\u0148 \u00fc\u00fdtgemegine gar\u015fy g\u00f6re\u015f \u00fc\u00e7in bilelikd\u00e4ki hereketleri\u0148 zerurdygyny tassykla\u00fdar.<\/p>\n","protected":false},"excerpt":{"rendered":"<p>BMG-ni\u0148 Howany\u0148 \u00fc\u00fdtgemegi bo\u00fdun\u00e7a \u00c7ar\u00e7uwaly konwensi\u00fdasyna gatna\u015f\u00fdan taraplary\u0148 maslahatyny\u0148 28-nji mejlisini\u0148 delegatlary m\u00f6h\u00fcm jarnama gol \u00e7ekip, \u00fdurtlary oba hojalygy, azyk we howany\u0148 \u00fc\u00fdtgemegi babatda bilelikde i\u015flem\u00e4ge \u00e7agyrdylar. COP28-i\u0148 durnukly oba hojalygy, i\u00fdmit ulgamlary we howany\u0148 \u00fc\u00fdtgemegine gar\u015fy g\u00f6re\u015f bo\u00fdun\u00e7a hereketleri baradaky jarnama Duba\u00fdda ge\u00e7iril\u00fd\u00e4n COP28-i\u0148 \u00e7\u00e4ginde ge\u00e7irilen B\u00fctind\u00fcn\u00fd\u00e4 howa sammitini\u0148 \u00fd\u00f6rite sessi\u00fdasynda h\u00f6d\u00fcrlendi. Bu jarnamada [&hellip;]<\/p>\n","protected":false},"author":2,"featured_media":94006,"comment_status":"open","ping_status":"closed","sticky":false,"template":"","format":"standard","meta":{"footnotes":""},"categories":[5],"tags":[8825],"acf":[],"_links":{"self":[{"href":"https:\/\/zamanturkmenistan.com.tm\/index.php?rest_route=\/wp\/v2\/posts\/94005"}],"collection":[{"href":"https:\/\/zamanturkmenistan.com.tm\/index.php?rest_route=\/wp\/v2\/posts"}],"about":[{"href":"https:\/\/zamanturkmenistan.com.tm\/index.php?rest_route=\/wp\/v2\/types\/post"}],"author":[{"embeddable":true,"href":"https:\/\/zamanturkmenistan.com.tm\/index.php?rest_route=\/wp\/v2\/users\/2"}],"replies":[{"embeddable":true,"href":"https:\/\/zamanturkmenistan.com.tm\/index.php?rest_route=%2Fwp%2Fv2%2Fcomments&post=94005"}],"version-history":[{"count":1,"href":"https:\/\/zamanturkmenistan.com.tm\/index.php?rest_route=\/wp\/v2\/posts\/94005\/revisions"}],"predecessor-version":[{"id":94007,"href":"https:\/\/zamanturkmenistan.com.tm\/index.php?rest_route=\/wp\/v2\/posts\/94005\/revisions\/94007"}],"wp:featuredmedia":[{"embeddable":true,"href":"https:\/\/zamanturkmenistan.com.tm\/index.php?rest_route=\/wp\/v2\/media\/94006"}],"wp:attachment":[{"href":"https:\/\/zamanturkmenistan.com.tm\/index.php?rest_route=%2Fwp%2Fv2%2Fmedia&parent=94005"}],"wp:term":[{"taxonomy":"category","embeddable":true,"href":"https:\/\/zamanturkmenistan.com.tm\/index.php?rest_route=%2Fwp%2Fv2%2Fcategories&post=94005"},{"taxonomy":"post_tag","embeddable":true,"href":"https:\/\/zamanturkmenistan.com.tm\/index.php?rest_route=%2Fwp%2Fv2%2Ftags&post=94005"}],"curies":[{"name":"wp","href":"https:\/\/api.w.org\/{rel}","templated":true}]}}