{"id":94032,"date":"2023-12-04T11:36:12","date_gmt":"2023-12-04T06:36:12","guid":{"rendered":"https:\/\/zamanturkmenistan.com.tm\/?p=94032"},"modified":"2023-12-04T11:36:12","modified_gmt":"2023-12-04T06:36:12","slug":"taze-zelandiyanyn-mekdeplerinde-ykjam-telefonlar-gadagan-ediler","status":"publish","type":"post","link":"https:\/\/zamanturkmenistan.com.tm\/?p=94032","title":{"rendered":"T\u00e4ze Zelandi\u00fdany\u0148 mekdeplerinde ykjam telefonlar gadagan ediler"},"content":{"rendered":"<p>T\u00e4ze Zelandi\u00fdany\u0148 \u00e4hli mekdeplerinde akylly telefonlary\u0148 ulanylmagy doly gadagan ediler. Bu barada \u00fdurdu\u0148 t\u00e4ze Prem\u00fder-ministri Kristofer Lakson habar berdi.<br \/>\n-Biz \u00fdurdumyzy\u0148 umumy bilim ber\u00fd\u00e4n \u00e4hli mekdeplerinde ykjam telefonlary gadagan etmek barada karara geldik. Munu\u0148 bilim ulgamynda \u00f6r\u00e4n gowy netijeleri ber\u00fd\u00e4ndigi ge\u00e7irilen barlaglar tassykla\u00fdar \u2013 di\u00fdip, Lakson \u017eurnalistler bilen g\u00fcrr\u00fc\u0148de\u015flikde a\u00fdtdy we \u00fdurdu\u0148 k\u00e4bir mekdeplerini\u0148 \u015fe\u00fdle karary e\u00fd\u00fd\u00e4m \u00f6zba\u015fdak kabul edendiklerini we o\u0148at netijeleri gazanandyklaryny belledi.<br \/>\n\u015ee\u00fdle-de, Lakson \u00fdurdu\u0148 t\u00e4ze h\u00f6k\u00fcmetini\u0148 \u201cmekdepleri okuw\u00e7ylary\u0148 akademiki \u00fcst\u00fcnliklerine g\u00f6n\u00fckdir\u00fd\u00e4n h\u00f6kmany bilim \u00fcl\u0148\u00fclerini orna\u015fdyrmak\u00e7ydygyny\u201d habar berdi a\u00fdtdy.<br \/>\n-Bize h\u00fcn\u00e4rmenler tarapyndan ylala\u015fylan we mazmunyny\u0148 \u00e7agany\u0148 \u00fda\u015fyna la\u00fdyklygyny kepillendir\u00fd\u00e4n okuw maksatnamasy gerek. \u015ee\u00fdle-de, ene-atalary\u0148 hem bu barada bilmegi we \u015fe\u00fdle okuwdan \u00fd\u00fcz \u00f6w\u00fcrmek m\u00fcmkin\u00e7iligine e\u00fde bolmagy-da m\u00f6h\u00fcmdir \u2013 di\u00fdip, ol a\u00fdtdy.<br \/>\nT\u00e4ze Zelandi\u00fdada parlament sa\u00fdlawlary 14-nji okt\u00fdabrda ge\u00e7irildi. Olary\u0148 netijesi bo\u00fdun\u00e7a, has k\u00f6p ses alan Milli parti\u00fda (TZMP) \u00fdurdu\u0148 t\u00e4ze h\u00f6k\u00fcmetini d\u00f6retdi. Onu\u0148 \u00fdolba\u015f\u00e7ysy T\u00e4ze Zelandi\u00fdany\u0148 42-nji Prem\u00fder-ministri bolan TZMP-ni\u0148 lideri Kristofer Lakson boldy.<\/p>\n","protected":false},"excerpt":{"rendered":"<p>T\u00e4ze Zelandi\u00fdany\u0148 \u00e4hli mekdeplerinde akylly telefonlary\u0148 ulanylmagy doly gadagan ediler. Bu barada \u00fdurdu\u0148 t\u00e4ze Prem\u00fder-ministri Kristofer Lakson habar berdi. -Biz \u00fdurdumyzy\u0148 umumy bilim ber\u00fd\u00e4n \u00e4hli mekdeplerinde ykjam telefonlary gadagan etmek barada karara geldik. Munu\u0148 bilim ulgamynda \u00f6r\u00e4n gowy netijeleri ber\u00fd\u00e4ndigi ge\u00e7irilen barlaglar tassykla\u00fdar \u2013 di\u00fdip, Lakson \u017eurnalistler bilen g\u00fcrr\u00fc\u0148de\u015flikde a\u00fdtdy we \u00fdurdu\u0148 k\u00e4bir mekdeplerini\u0148 \u015fe\u00fdle [&hellip;]<\/p>\n","protected":false},"author":2,"featured_media":94033,"comment_status":"open","ping_status":"closed","sticky":false,"template":"","format":"standard","meta":{"footnotes":""},"categories":[5,8],"tags":[],"acf":[],"_links":{"self":[{"href":"https:\/\/zamanturkmenistan.com.tm\/index.php?rest_route=\/wp\/v2\/posts\/94032"}],"collection":[{"href":"https:\/\/zamanturkmenistan.com.tm\/index.php?rest_route=\/wp\/v2\/posts"}],"about":[{"href":"https:\/\/zamanturkmenistan.com.tm\/index.php?rest_route=\/wp\/v2\/types\/post"}],"author":[{"embeddable":true,"href":"https:\/\/zamanturkmenistan.com.tm\/index.php?rest_route=\/wp\/v2\/users\/2"}],"replies":[{"embeddable":true,"href":"https:\/\/zamanturkmenistan.com.tm\/index.php?rest_route=%2Fwp%2Fv2%2Fcomments&post=94032"}],"version-history":[{"count":1,"href":"https:\/\/zamanturkmenistan.com.tm\/index.php?rest_route=\/wp\/v2\/posts\/94032\/revisions"}],"predecessor-version":[{"id":94034,"href":"https:\/\/zamanturkmenistan.com.tm\/index.php?rest_route=\/wp\/v2\/posts\/94032\/revisions\/94034"}],"wp:featuredmedia":[{"embeddable":true,"href":"https:\/\/zamanturkmenistan.com.tm\/index.php?rest_route=\/wp\/v2\/media\/94033"}],"wp:attachment":[{"href":"https:\/\/zamanturkmenistan.com.tm\/index.php?rest_route=%2Fwp%2Fv2%2Fmedia&parent=94032"}],"wp:term":[{"taxonomy":"category","embeddable":true,"href":"https:\/\/zamanturkmenistan.com.tm\/index.php?rest_route=%2Fwp%2Fv2%2Fcategories&post=94032"},{"taxonomy":"post_tag","embeddable":true,"href":"https:\/\/zamanturkmenistan.com.tm\/index.php?rest_route=%2Fwp%2Fv2%2Ftags&post=94032"}],"curies":[{"name":"wp","href":"https:\/\/api.w.org\/{rel}","templated":true}]}}