{"id":94136,"date":"2023-12-05T10:29:52","date_gmt":"2023-12-05T05:29:52","guid":{"rendered":"https:\/\/zamanturkmenistan.com.tm\/?p=94136"},"modified":"2023-12-05T10:29:52","modified_gmt":"2023-12-05T05:29:52","slug":"turkmenistanyn-medeniyet-isgarleri-we-sungat-ussatlary-turkiyede-we-fransiyada-is-saparynda-bolarlar","status":"publish","type":"post","link":"https:\/\/zamanturkmenistan.com.tm\/?p=94136","title":{"rendered":"T\u00fcrkmenistany\u0148 medeni\u00fdet i\u015fg\u00e4rleri we sungat ussatlary T\u00fcrki\u00fdede we Fransi\u00fdada i\u015f saparynda bolarlar"},"content":{"rendered":"<p>T\u00fcrki medeni\u00fdeti\u0148 halkara guramasyny\u0148 (T\u00dcRKSO\u00dd) d\u00f6redilmegini\u0148 30 \u00fdyllygy mynasybetli 8\u201418-nji dekabr aralygynda T\u00fcrki\u00fde Respublikasyny\u0148 Ankara \u015f\u00e4herinde hem-de Fransi\u00fda Respublikasyny\u0148 Pari\u017e \u015f\u00e4herinde konsertler ge\u00e7iriler.<br \/>\nT\u00dcRKSO\u00dd-y\u0148 d\u00f6redilmegini\u0148 30 \u00fdyllygy mynasybetli ge\u00e7iriljek konsertlere \u00fdurdumyzy\u0148 sungat ussatlary hem gatna\u015far. Dabaralara gatna\u015fjak ilde\u015flerimiz 8\u201419-njy dekabr aralygynda T\u00fcrki\u00fde Respublikasynda hem-de Fransi\u00fda Respublikasynda i\u015f saparynda bolarlar.<\/p>\n","protected":false},"excerpt":{"rendered":"<p>T\u00fcrki medeni\u00fdeti\u0148 halkara guramasyny\u0148 (T\u00dcRKSO\u00dd) d\u00f6redilmegini\u0148 30 \u00fdyllygy mynasybetli 8\u201418-nji dekabr aralygynda T\u00fcrki\u00fde Respublikasyny\u0148 Ankara \u015f\u00e4herinde hem-de Fransi\u00fda Respublikasyny\u0148 Pari\u017e \u015f\u00e4herinde konsertler ge\u00e7iriler. T\u00dcRKSO\u00dd-y\u0148 d\u00f6redilmegini\u0148 30 \u00fdyllygy mynasybetli ge\u00e7iriljek konsertlere \u00fdurdumyzy\u0148 sungat ussatlary hem gatna\u015far. Dabaralara gatna\u015fjak ilde\u015flerimiz 8\u201419-njy dekabr aralygynda T\u00fcrki\u00fde Respublikasynda hem-de Fransi\u00fda Respublikasynda i\u015f saparynda bolarlar.<\/p>\n","protected":false},"author":2,"featured_media":94137,"comment_status":"open","ping_status":"closed","sticky":false,"template":"","format":"standard","meta":{"footnotes":""},"categories":[3],"tags":[],"acf":[],"_links":{"self":[{"href":"https:\/\/zamanturkmenistan.com.tm\/index.php?rest_route=\/wp\/v2\/posts\/94136"}],"collection":[{"href":"https:\/\/zamanturkmenistan.com.tm\/index.php?rest_route=\/wp\/v2\/posts"}],"about":[{"href":"https:\/\/zamanturkmenistan.com.tm\/index.php?rest_route=\/wp\/v2\/types\/post"}],"author":[{"embeddable":true,"href":"https:\/\/zamanturkmenistan.com.tm\/index.php?rest_route=\/wp\/v2\/users\/2"}],"replies":[{"embeddable":true,"href":"https:\/\/zamanturkmenistan.com.tm\/index.php?rest_route=%2Fwp%2Fv2%2Fcomments&post=94136"}],"version-history":[{"count":1,"href":"https:\/\/zamanturkmenistan.com.tm\/index.php?rest_route=\/wp\/v2\/posts\/94136\/revisions"}],"predecessor-version":[{"id":94138,"href":"https:\/\/zamanturkmenistan.com.tm\/index.php?rest_route=\/wp\/v2\/posts\/94136\/revisions\/94138"}],"wp:featuredmedia":[{"embeddable":true,"href":"https:\/\/zamanturkmenistan.com.tm\/index.php?rest_route=\/wp\/v2\/media\/94137"}],"wp:attachment":[{"href":"https:\/\/zamanturkmenistan.com.tm\/index.php?rest_route=%2Fwp%2Fv2%2Fmedia&parent=94136"}],"wp:term":[{"taxonomy":"category","embeddable":true,"href":"https:\/\/zamanturkmenistan.com.tm\/index.php?rest_route=%2Fwp%2Fv2%2Fcategories&post=94136"},{"taxonomy":"post_tag","embeddable":true,"href":"https:\/\/zamanturkmenistan.com.tm\/index.php?rest_route=%2Fwp%2Fv2%2Ftags&post=94136"}],"curies":[{"name":"wp","href":"https:\/\/api.w.org\/{rel}","templated":true}]}}