{"id":94139,"date":"2023-12-05T10:41:58","date_gmt":"2023-12-05T05:41:58","guid":{"rendered":"https:\/\/zamanturkmenistan.com.tm\/?p=94139"},"modified":"2023-12-05T10:41:58","modified_gmt":"2023-12-05T05:41:58","slug":"taze-yyl-bayramy-mynasybetli-ahal-welayatynda-konsert-geciriler","status":"publish","type":"post","link":"https:\/\/zamanturkmenistan.com.tm\/?p=94139","title":{"rendered":"T\u00e4ze \u00fdyl ba\u00fdramy mynasybetli Ahal wela\u00fdatynda konsert ge\u00e7iriler"},"content":{"rendered":"<p>16-njy dekabrda Ahal wela\u00fdatyny\u0148 Ak bugda\u00fd etrabyny\u0148 \u00e7\u00e4gind\u00e4ki \u00abT\u00fcrkmeni\u0148 ak \u00f6\u00fdi\u00bb binasynda \u00fdurdumyzy\u0148 sungat ussatlaryny\u0148 ba\u00fdram\u00e7ylyk konserti ge\u00e7iriler.<br \/>\nT\u00e4ze \u00fdyl ba\u00fdram\u00e7ylygyny \u015fatlykly gar\u015fylamak maksady bilen ge\u00e7iriljek ba\u00fdram\u00e7ylyk konsertinde T\u00fcrkmenistany\u0148 halk artistleri Sahydursun Hojakowa, Annaguly Myratdurdy\u00fdew, T\u00fcrkmenistany\u0148 at gazanan artisti Nur\u00fdagdy Rejepow, \u015fe\u00fdle-de a\u00fddym\u00e7y Ba\u00fdram Nobatow halk k\u00f6p\u00e7\u00fcligini\u0148 \u00fd\u00fcreginde orun alan aja\u00fdyp a\u00fddymlary bilen, \u015fe\u00fdle-de \u00f6zlerini\u0148 t\u00e4ze d\u00f6reden a\u00fddymlary bilen \u00e7yky\u015f ederler.<br \/>\nBa\u00fdram\u00e7ylyk konsertleri 14:00-da, 17:00-da ge\u00e7iriler.<br \/>\nHabarla\u015fmak \u00fc\u00e7in 48-96-83, 60-15-67 telefon belgilerine ja\u0148 edip bilersi\u0148iz.<\/p>\n","protected":false},"excerpt":{"rendered":"<p>16-njy dekabrda Ahal wela\u00fdatyny\u0148 Ak bugda\u00fd etrabyny\u0148 \u00e7\u00e4gind\u00e4ki \u00abT\u00fcrkmeni\u0148 ak \u00f6\u00fdi\u00bb binasynda \u00fdurdumyzy\u0148 sungat ussatlaryny\u0148 ba\u00fdram\u00e7ylyk konserti ge\u00e7iriler. T\u00e4ze \u00fdyl ba\u00fdram\u00e7ylygyny \u015fatlykly gar\u015fylamak maksady bilen ge\u00e7iriljek ba\u00fdram\u00e7ylyk konsertinde T\u00fcrkmenistany\u0148 halk artistleri Sahydursun Hojakowa, Annaguly Myratdurdy\u00fdew, T\u00fcrkmenistany\u0148 at gazanan artisti Nur\u00fdagdy Rejepow, \u015fe\u00fdle-de a\u00fddym\u00e7y Ba\u00fdram Nobatow halk k\u00f6p\u00e7\u00fcligini\u0148 \u00fd\u00fcreginde orun alan aja\u00fdyp a\u00fddymlary bilen, \u015fe\u00fdle-de \u00f6zlerini\u0148 [&hellip;]<\/p>\n","protected":false},"author":2,"featured_media":94140,"comment_status":"open","ping_status":"closed","sticky":false,"template":"","format":"standard","meta":{"footnotes":""},"categories":[8273],"tags":[],"acf":[],"_links":{"self":[{"href":"https:\/\/zamanturkmenistan.com.tm\/index.php?rest_route=\/wp\/v2\/posts\/94139"}],"collection":[{"href":"https:\/\/zamanturkmenistan.com.tm\/index.php?rest_route=\/wp\/v2\/posts"}],"about":[{"href":"https:\/\/zamanturkmenistan.com.tm\/index.php?rest_route=\/wp\/v2\/types\/post"}],"author":[{"embeddable":true,"href":"https:\/\/zamanturkmenistan.com.tm\/index.php?rest_route=\/wp\/v2\/users\/2"}],"replies":[{"embeddable":true,"href":"https:\/\/zamanturkmenistan.com.tm\/index.php?rest_route=%2Fwp%2Fv2%2Fcomments&post=94139"}],"version-history":[{"count":1,"href":"https:\/\/zamanturkmenistan.com.tm\/index.php?rest_route=\/wp\/v2\/posts\/94139\/revisions"}],"predecessor-version":[{"id":94141,"href":"https:\/\/zamanturkmenistan.com.tm\/index.php?rest_route=\/wp\/v2\/posts\/94139\/revisions\/94141"}],"wp:featuredmedia":[{"embeddable":true,"href":"https:\/\/zamanturkmenistan.com.tm\/index.php?rest_route=\/wp\/v2\/media\/94140"}],"wp:attachment":[{"href":"https:\/\/zamanturkmenistan.com.tm\/index.php?rest_route=%2Fwp%2Fv2%2Fmedia&parent=94139"}],"wp:term":[{"taxonomy":"category","embeddable":true,"href":"https:\/\/zamanturkmenistan.com.tm\/index.php?rest_route=%2Fwp%2Fv2%2Fcategories&post=94139"},{"taxonomy":"post_tag","embeddable":true,"href":"https:\/\/zamanturkmenistan.com.tm\/index.php?rest_route=%2Fwp%2Fv2%2Ftags&post=94139"}],"curies":[{"name":"wp","href":"https:\/\/api.w.org\/{rel}","templated":true}]}}