{"id":94146,"date":"2023-12-05T10:47:14","date_gmt":"2023-12-05T05:47:14","guid":{"rendered":"https:\/\/zamanturkmenistan.com.tm\/?p=94146"},"modified":"2023-12-05T10:47:14","modified_gmt":"2023-12-05T05:47:14","slug":"sungat-ussatlary-balkan-welayatynda-cykys-ederler","status":"publish","type":"post","link":"https:\/\/zamanturkmenistan.com.tm\/?p=94146","title":{"rendered":"Sungat ussatlary Balkan wela\u00fdatynda \u00e7yky\u015f ederler"},"content":{"rendered":"<p>T\u00fcrkmenistany\u0148 halk artisti G\u00fcl\u015fat Gurdowa, T\u00fcrkmenistany\u0148 at gazanan artisti Begmyrat Annamyradow, \u015fe\u00fdle-de a\u00fddym\u00e7ylar Durdy Durdy\u00fdew bilen Arslan Gulm\u00e4mmedow T\u00e4ze \u00fdyl ba\u00fdram\u00e7ylygy mynasybetli Balkan wela\u00fdatyny\u0148 Balkanabat \u015f\u00e4herind\u00e4ki \u00abT\u00fcrkmeni\u0148 ak \u00f6\u00fdi\u00bb binasynda ba\u00fdram\u00e7ylyk konserti bilen \u00e7yky\u015f ederler.<br \/>\n2023-nji \u00fdyly\u0148 14-nji dekabrynda ge\u00e7iriljek ba\u00fdram\u00e7ylyk konsertinde \u00fdurdumyzy\u0148 sungat ussatlary g\u00fcnbatar sebiti\u0148 \u00fda\u015fa\u00fdjylary \u00fc\u00e7in \u00f6zlerini\u0148 aja\u00fdyp a\u00fddymlary bilen \u00e7yky\u015f ederler.<br \/>\nKonsertler 14:00-da, 17:00-da ge\u00e7iriler.<br \/>\nHabarla\u015fmak \u00fc\u00e7in 48-96-83, 60-15-67 telefon belgilerine ja\u0148 edip bilersi\u0148iz.<\/p>\n","protected":false},"excerpt":{"rendered":"<p>T\u00fcrkmenistany\u0148 halk artisti G\u00fcl\u015fat Gurdowa, T\u00fcrkmenistany\u0148 at gazanan artisti Begmyrat Annamyradow, \u015fe\u00fdle-de a\u00fddym\u00e7ylar Durdy Durdy\u00fdew bilen Arslan Gulm\u00e4mmedow T\u00e4ze \u00fdyl ba\u00fdram\u00e7ylygy mynasybetli Balkan wela\u00fdatyny\u0148 Balkanabat \u015f\u00e4herind\u00e4ki \u00abT\u00fcrkmeni\u0148 ak \u00f6\u00fdi\u00bb binasynda ba\u00fdram\u00e7ylyk konserti bilen \u00e7yky\u015f ederler. 2023-nji \u00fdyly\u0148 14-nji dekabrynda ge\u00e7iriljek ba\u00fdram\u00e7ylyk konsertinde \u00fdurdumyzy\u0148 sungat ussatlary g\u00fcnbatar sebiti\u0148 \u00fda\u015fa\u00fdjylary \u00fc\u00e7in \u00f6zlerini\u0148 aja\u00fdyp a\u00fddymlary bilen \u00e7yky\u015f ederler. [&hellip;]<\/p>\n","protected":false},"author":2,"featured_media":94143,"comment_status":"open","ping_status":"closed","sticky":false,"template":"","format":"standard","meta":{"footnotes":""},"categories":[8273],"tags":[],"acf":[],"_links":{"self":[{"href":"https:\/\/zamanturkmenistan.com.tm\/index.php?rest_route=\/wp\/v2\/posts\/94146"}],"collection":[{"href":"https:\/\/zamanturkmenistan.com.tm\/index.php?rest_route=\/wp\/v2\/posts"}],"about":[{"href":"https:\/\/zamanturkmenistan.com.tm\/index.php?rest_route=\/wp\/v2\/types\/post"}],"author":[{"embeddable":true,"href":"https:\/\/zamanturkmenistan.com.tm\/index.php?rest_route=\/wp\/v2\/users\/2"}],"replies":[{"embeddable":true,"href":"https:\/\/zamanturkmenistan.com.tm\/index.php?rest_route=%2Fwp%2Fv2%2Fcomments&post=94146"}],"version-history":[{"count":1,"href":"https:\/\/zamanturkmenistan.com.tm\/index.php?rest_route=\/wp\/v2\/posts\/94146\/revisions"}],"predecessor-version":[{"id":94147,"href":"https:\/\/zamanturkmenistan.com.tm\/index.php?rest_route=\/wp\/v2\/posts\/94146\/revisions\/94147"}],"wp:featuredmedia":[{"embeddable":true,"href":"https:\/\/zamanturkmenistan.com.tm\/index.php?rest_route=\/wp\/v2\/media\/94143"}],"wp:attachment":[{"href":"https:\/\/zamanturkmenistan.com.tm\/index.php?rest_route=%2Fwp%2Fv2%2Fmedia&parent=94146"}],"wp:term":[{"taxonomy":"category","embeddable":true,"href":"https:\/\/zamanturkmenistan.com.tm\/index.php?rest_route=%2Fwp%2Fv2%2Fcategories&post=94146"},{"taxonomy":"post_tag","embeddable":true,"href":"https:\/\/zamanturkmenistan.com.tm\/index.php?rest_route=%2Fwp%2Fv2%2Ftags&post=94146"}],"curies":[{"name":"wp","href":"https:\/\/api.w.org\/{rel}","templated":true}]}}