{"id":94188,"date":"2023-12-05T17:48:42","date_gmt":"2023-12-05T12:48:42","guid":{"rendered":"https:\/\/zamanturkmenistan.com.tm\/?p=94188"},"modified":"2023-12-05T17:48:42","modified_gmt":"2023-12-05T12:48:42","slug":"benin-respublikasynyn-ilcisi-ynanc-hatlarynyn-nusgalaryny-gowsurdy","status":"publish","type":"post","link":"https:\/\/zamanturkmenistan.com.tm\/?p=94188","title":{"rendered":"Benin Respublikasyny\u0148 Il\u00e7isi ynan\u00e7 hatlaryny\u0148 nusgalaryny gow\u015furdy"},"content":{"rendered":"<p>5-nji dekabrda T\u00fcrkmenistany\u0148 Da\u015fary i\u015fler ministrini\u0148 orunbasary B.M\u00e4ti\u00fdew Benin Respublikasyny\u0148 T\u00fcrkmenistanda t\u00e4ze bellenilen Adatdan da\u015fary we Doly ygty\u00fdarly Il\u00e7isi (otur\u00fdan \u00fderi Moskwa \u015f.) Akambi Andre Okunlola-Biau\u0148 ynan\u00e7 hatlaryny\u0148 nusgalaryny kabul etdi.<br \/>\nMinistri\u0148 orunbasary Il\u00e7ini jogapk\u00e4rli wezip\u00e4 bellenmegi bilen gutlady we munu\u0148 T\u00fcrkmenistan bilen Benin Respublikasyny\u0148 arasyndaky ikitarapla\u00fdyn gatna\u015fyklary\u0148 mundan be\u00fdl\u00e4k-de \u00f6smegine itergi berjekdigine ynam bildirdi.<br \/>\nTaraplar, T\u00fcrkmenistan bilen Benin Respublikasyny\u0148 arasynda BMG, EKOSOS we be\u00fdleki halkara guramalaryny\u0148 \u00e7\u00e4klerinde utga\u015fdyrylan hyzmatda\u015flygy\u0148 geljegini nygtadylar.<br \/>\nDiplomatlar \u015fe\u00fdle hem T\u00fcrkmenistan bilen Benin Respublikasyny\u0148 da\u015fary sy\u00fdasy edaralaryny\u0148 arasynda sy\u00fdasy ge\u0148e\u015fmeleri guramagy\u0148, ikitarapla\u00fdyn s\u00f6wda-ykdysady hyzmatda\u015flygy \u00fdola go\u00fdmagy\u0148 we \u00f6sd\u00fcrmegi\u0148 m\u00fcmkin\u00e7ilikleri barada pikir aly\u015fdylar, \u015fe\u00fdle hem medeni-ynsanperwer ugurda hyzmatda\u015flygy \u00fdola go\u00fdmagy\u0148 we \u00f6sd\u00fcrmegi\u0148 m\u00f6h\u00fcmdigini bellediler.<\/p>\n","protected":false},"excerpt":{"rendered":"<p>5-nji dekabrda T\u00fcrkmenistany\u0148 Da\u015fary i\u015fler ministrini\u0148 orunbasary B.M\u00e4ti\u00fdew Benin Respublikasyny\u0148 T\u00fcrkmenistanda t\u00e4ze bellenilen Adatdan da\u015fary we Doly ygty\u00fdarly Il\u00e7isi (otur\u00fdan \u00fderi Moskwa \u015f.) Akambi Andre Okunlola-Biau\u0148 ynan\u00e7 hatlaryny\u0148 nusgalaryny kabul etdi. Ministri\u0148 orunbasary Il\u00e7ini jogapk\u00e4rli wezip\u00e4 bellenmegi bilen gutlady we munu\u0148 T\u00fcrkmenistan bilen Benin Respublikasyny\u0148 arasyndaky ikitarapla\u00fdyn gatna\u015fyklary\u0148 mundan be\u00fdl\u00e4k-de \u00f6smegine itergi berjekdigine ynam bildirdi. [&hellip;]<\/p>\n","protected":false},"author":2,"featured_media":94189,"comment_status":"open","ping_status":"closed","sticky":false,"template":"","format":"standard","meta":{"footnotes":""},"categories":[3],"tags":[],"acf":[],"_links":{"self":[{"href":"https:\/\/zamanturkmenistan.com.tm\/index.php?rest_route=\/wp\/v2\/posts\/94188"}],"collection":[{"href":"https:\/\/zamanturkmenistan.com.tm\/index.php?rest_route=\/wp\/v2\/posts"}],"about":[{"href":"https:\/\/zamanturkmenistan.com.tm\/index.php?rest_route=\/wp\/v2\/types\/post"}],"author":[{"embeddable":true,"href":"https:\/\/zamanturkmenistan.com.tm\/index.php?rest_route=\/wp\/v2\/users\/2"}],"replies":[{"embeddable":true,"href":"https:\/\/zamanturkmenistan.com.tm\/index.php?rest_route=%2Fwp%2Fv2%2Fcomments&post=94188"}],"version-history":[{"count":1,"href":"https:\/\/zamanturkmenistan.com.tm\/index.php?rest_route=\/wp\/v2\/posts\/94188\/revisions"}],"predecessor-version":[{"id":94190,"href":"https:\/\/zamanturkmenistan.com.tm\/index.php?rest_route=\/wp\/v2\/posts\/94188\/revisions\/94190"}],"wp:featuredmedia":[{"embeddable":true,"href":"https:\/\/zamanturkmenistan.com.tm\/index.php?rest_route=\/wp\/v2\/media\/94189"}],"wp:attachment":[{"href":"https:\/\/zamanturkmenistan.com.tm\/index.php?rest_route=%2Fwp%2Fv2%2Fmedia&parent=94188"}],"wp:term":[{"taxonomy":"category","embeddable":true,"href":"https:\/\/zamanturkmenistan.com.tm\/index.php?rest_route=%2Fwp%2Fv2%2Fcategories&post=94188"},{"taxonomy":"post_tag","embeddable":true,"href":"https:\/\/zamanturkmenistan.com.tm\/index.php?rest_route=%2Fwp%2Fv2%2Ftags&post=94188"}],"curies":[{"name":"wp","href":"https:\/\/api.w.org\/{rel}","templated":true}]}}