{"id":94256,"date":"2023-12-06T13:30:52","date_gmt":"2023-12-06T08:30:52","guid":{"rendered":"https:\/\/zamanturkmenistan.com.tm\/?p=94256"},"modified":"2023-12-06T13:30:52","modified_gmt":"2023-12-06T08:30:52","slug":"turkmenistanyn-wekiliyeti-hazaryaka-dowletlerinin-dasary-isler-ministrlerinin-dususygyna-gatnasdy","status":"publish","type":"post","link":"https:\/\/zamanturkmenistan.com.tm\/?p=94256","title":{"rendered":"T\u00fcrkmenistany\u0148 wekili\u00fdeti Hazar\u00fdaka d\u00f6wletlerini\u0148 da\u015fary i\u015fler ministrlerini\u0148 du\u015fu\u015fygyna gatna\u015fdy"},"content":{"rendered":"<p>T\u00fcrkmenistany\u0148 Ministrler Kabinetini\u0148 Ba\u015flygyny\u0148 Orunbasary, Da\u015fary i\u015fler ministri R.Meredowy\u0148 \u00fdolba\u015f\u00e7ylygyndaky wekili\u00fdet 2023-nji \u00fdyly\u0148 5-nji dekabrynda Moskwada ge\u00e7irilen Hazar\u00fdaka d\u00f6wletlerini\u0148 da\u015fary i\u015fler ministrlerini\u0148 du\u015fu\u015fygyna gatna\u015fdy.<br \/>\nT\u00fcrkmen wekili\u00fdetini\u0148 \u00fdolba\u015f\u00e7ysy \u00f6z \u00e7yky\u015fynda de\u0148iz derejesini\u0148 peselmegini \u00fdakyndan \u00f6wrenmegi, \u00fcnsi we toplumla\u00fdyn \u00e7emele\u015fmegi talap ed\u00fd\u00e4n m\u00f6h\u00fcm mesele di\u00fdip atlandyrdy. \u015eunu\u0148 bilen baglylykda, Hazar de\u0148zinde suwu\u0148 azalmagy bilen baglany\u015fykly meseleleri \u00f6wrenmekden ybarat bolan b\u00e4\u015ftaraply i\u015f toparyny d\u00f6retmegi\u0148 zerurdygyna \u00fcnsi \u00e7ekdi.<br \/>\nSuwu\u0148 \u00fdalpakla\u015fmagyny\u0148 netijelerini\u0148 \u00f6\u0148\u00fcni almak we azaltmak \u00e7\u00e4relerini i\u015fl\u00e4p d\u00fczmek zerurlygy nygtaldy we T\u00fcrkmenistany\u0148 degi\u015fli hukuk resminamasyny\u0148 taslamasyny i\u015fl\u00e4p d\u00fczm\u00e4ge ta\u00fd\u00fdardygy be\u00fdan edildi.<br \/>\n\u015eu nukda\u00fdnazardan, T\u00fcrkmenistan Hazar\u00fdaka d\u00f6wletlerini\u0148 H\u00f6k\u00fcmetlerini\u0148 arasynda Hazar de\u0148zinde de\u0148iz ylmy g\u00f6zlegleri pudagyndaky hyzmatda\u015flyk baradaky \u015fertnamany\u0148 taslamasyny tassyklamak i\u015fini tizle\u015fdirmegi teklip etdi.<br \/>\nT\u00fcrkmenistany\u0148 wekili\u00fdetini\u0148 ba\u015flygy Hazar de\u0148zind\u00e4ki energetika hyzmatda\u015flygyny \u00fdene bir m\u00f6h\u00fcm we d\u00fc\u00fdpli mesele h\u00f6km\u00fcnde atlandyrdy. Bu \u00fderde esasy ugur Hazar de\u0148zini\u0148 hukuk \u00fdagda\u00fdy baradaky konwensi\u00fdany\u0148 14-nji maddasyny\u0148 durmu\u015fa ge\u00e7irilmegi bolup, munda taraplary\u0148 suw howdanyny\u0148 d\u00fc\u00fdb\u00fcne kabel we turbage\u00e7iriji go\u00fdmak hukugy a\u00fddy\u0148 kesgitlen\u00fd\u00e4r. T\u00fcrkmenistany\u0148, umuman alany\u0148da, Hazarda suwasty infrastrukturany\u0148 gurlu\u015fygyny\u0148 kenar\u00fdaka d\u00f6wletleri\u0148 ykdysady zerurlyklaryny kanagatlandyr\u00fdandygy m\u00e4lim edildi. \u015ee\u00fdle hem energi\u00fda \u00f6nd\u00fcrijileri\u0148, sarp edijileri\u0148 we \u00fcsta\u015fyr \u00fdurtlary\u0148 pe\u00fddalaryny\u0148 hem-de b\u00e4hbitlerini\u0148 de\u0148 g\u00f6z \u00f6\u0148\u00fcnde tutulmagy esasynda \u00ddewrazi\u00fdada energetika howpsuzlygyny we durnuklylygyny \u00fcpj\u00fcn etmek \u00fc\u00e7in m\u00f6h\u00fcm \u015fert bolup hyzmat ed\u00fd\u00e4ndigi bellenildi. Du\u015fu\u015fykda Hazar\u00fdaka d\u00f6wletlerini\u0148 da\u015fky gur\u015faw meseleleri bo\u00fdun\u00e7a \u00fdakyn hyzmatda\u015flyga ta\u00fd\u00fdarlygy ge\u00e7en \u00fdyly\u0148 tomusynda A\u015fgabatda ge\u00e7irilen altynjy Hazar sammitini\u0148 ylala\u015fyklaryna la\u00fdyklykda tassyklandy. \u015eunu\u0148 bilen baglylykda, T\u00fcrkmenistany\u0148 Prezidenti tarapyndan \u00f6\u0148e s\u00fcrlen \u00abHazar da\u015fky gur\u015faw ba\u015flangyjyny\u0148\u00bb \u00e7\u00e4klerinde i\u015fje\u0148 halkara gatna\u015fyklaryny\u0148 \u00fdokary \u00e4hmi\u00fdeti bellenildi.<br \/>\nHyzmatda\u015flygy\u0148 gi\u0148 gerimli me\u00fdilnamalary barada a\u00fddyp, T\u00fcrkmenistany\u0148 da\u015fary sy\u00fdasy edarasyny\u0148 \u00fdolba\u015f\u00e7ysy bu i\u015fi\u0148 \u00fcst\u00fcnliklerini\u0148 we netijeliligini\u0148 di\u0148e Hazary\u0148 sebitinde bolup biljek howplary wagtynda zy\u00fdansyzlandyrmak arkaly g\u00fc\u00fd\u00e7li howpsuzlyk we durnuklylyk ulgamyny saklamak we berkitmek \u015fertlerinde \u00fcpj\u00fcn edilip bilinjekdigini a\u00fdtdy. Hazar de\u0148zi, R.Meredow parahat\u00e7ylyk we \u00f6s\u00fc\u015f \u00fc\u00e7in t\u00f6wekgel\u00e7iliklere sezewar bolman, durnuklylyk we ynam zonasy bolmalydygyny a\u00fdtdy.<br \/>\nDu\u015fu\u015fygy\u0148 netijeleri bo\u00fdun\u00e7a Hazar\u00fdaka d\u00f6wletlerini\u0148 Da\u015fary i\u015fler ministrlerini\u0148 Be\u00fdannamasy kabul edildi.<\/p>\n","protected":false},"excerpt":{"rendered":"<p>T\u00fcrkmenistany\u0148 Ministrler Kabinetini\u0148 Ba\u015flygyny\u0148 Orunbasary, Da\u015fary i\u015fler ministri R.Meredowy\u0148 \u00fdolba\u015f\u00e7ylygyndaky wekili\u00fdet 2023-nji \u00fdyly\u0148 5-nji dekabrynda Moskwada ge\u00e7irilen Hazar\u00fdaka d\u00f6wletlerini\u0148 da\u015fary i\u015fler ministrlerini\u0148 du\u015fu\u015fygyna gatna\u015fdy. T\u00fcrkmen wekili\u00fdetini\u0148 \u00fdolba\u015f\u00e7ysy \u00f6z \u00e7yky\u015fynda de\u0148iz derejesini\u0148 peselmegini \u00fdakyndan \u00f6wrenmegi, \u00fcnsi we toplumla\u00fdyn \u00e7emele\u015fmegi talap ed\u00fd\u00e4n m\u00f6h\u00fcm mesele di\u00fdip atlandyrdy. \u015eunu\u0148 bilen baglylykda, Hazar de\u0148zinde suwu\u0148 azalmagy bilen baglany\u015fykly meseleleri \u00f6wrenmekden [&hellip;]<\/p>\n","protected":false},"author":2,"featured_media":94257,"comment_status":"open","ping_status":"closed","sticky":false,"template":"","format":"standard","meta":{"footnotes":""},"categories":[3],"tags":[],"acf":[],"_links":{"self":[{"href":"https:\/\/zamanturkmenistan.com.tm\/index.php?rest_route=\/wp\/v2\/posts\/94256"}],"collection":[{"href":"https:\/\/zamanturkmenistan.com.tm\/index.php?rest_route=\/wp\/v2\/posts"}],"about":[{"href":"https:\/\/zamanturkmenistan.com.tm\/index.php?rest_route=\/wp\/v2\/types\/post"}],"author":[{"embeddable":true,"href":"https:\/\/zamanturkmenistan.com.tm\/index.php?rest_route=\/wp\/v2\/users\/2"}],"replies":[{"embeddable":true,"href":"https:\/\/zamanturkmenistan.com.tm\/index.php?rest_route=%2Fwp%2Fv2%2Fcomments&post=94256"}],"version-history":[{"count":1,"href":"https:\/\/zamanturkmenistan.com.tm\/index.php?rest_route=\/wp\/v2\/posts\/94256\/revisions"}],"predecessor-version":[{"id":94258,"href":"https:\/\/zamanturkmenistan.com.tm\/index.php?rest_route=\/wp\/v2\/posts\/94256\/revisions\/94258"}],"wp:featuredmedia":[{"embeddable":true,"href":"https:\/\/zamanturkmenistan.com.tm\/index.php?rest_route=\/wp\/v2\/media\/94257"}],"wp:attachment":[{"href":"https:\/\/zamanturkmenistan.com.tm\/index.php?rest_route=%2Fwp%2Fv2%2Fmedia&parent=94256"}],"wp:term":[{"taxonomy":"category","embeddable":true,"href":"https:\/\/zamanturkmenistan.com.tm\/index.php?rest_route=%2Fwp%2Fv2%2Fcategories&post=94256"},{"taxonomy":"post_tag","embeddable":true,"href":"https:\/\/zamanturkmenistan.com.tm\/index.php?rest_route=%2Fwp%2Fv2%2Ftags&post=94256"}],"curies":[{"name":"wp","href":"https:\/\/api.w.org\/{rel}","templated":true}]}}