{"id":94259,"date":"2023-12-06T13:32:43","date_gmt":"2023-12-06T08:32:43","guid":{"rendered":"https:\/\/zamanturkmenistan.com.tm\/?p=94259"},"modified":"2023-12-06T13:32:43","modified_gmt":"2023-12-06T08:32:43","slug":"turkmenistanda-benin-respublikasynyn-adatdan-dasary-we-doly-ygtyyarly-ilcisi-ise-baslady","status":"publish","type":"post","link":"https:\/\/zamanturkmenistan.com.tm\/?p=94259","title":{"rendered":"T\u00fcrkmenistanda Benin Respublikasyny\u0148 Adatdan da\u015fary we Doly ygty\u00fdarly Il\u00e7isi i\u015fe ba\u015flady"},"content":{"rendered":"<p>5-nji dekabrda T\u00fcrkmenistany\u0148 Mejlisi\u0148 Ba\u015flygy D.Gulmanowa Benin Respublikasyny\u0148 T\u00fcrkmenistandaky Adatdan da\u015fary we Doly ygty\u00fdarly Il\u00e7isi Akambi Andre Okunlola-Biauwdan ynan\u00e7 hatyny kabul etdi.<br \/>\nMilli parlamenti\u0148 \u00fdolba\u015f\u00e7ysy d\u00f6wlet Ba\u015ftutanymyzy\u0148 adyndan diplomaty jogapk\u00e4rli wezip\u00e4 bellenilmegi bilen gutlap, o\u0148a iki \u00fdurdu\u0148 arasyndaky dostlukly gatna\u015fyklary, \u00f6zara b\u00e4hbitli hyzmatda\u015flygy pugtalandyrmak bo\u00fdun\u00e7a alyp barjak i\u015finde \u00fcst\u00fcnlikleri arzuw etdi.<br \/>\nDoly ygty\u00fdarly wekil m\u00e4hirli kabul edilendigi \u00fc\u00e7in ho\u015fallyk bildirip, Prezident Serdar Berdimuhamedowa Benin Respublikasyny\u0148 \u00fdolba\u015f\u00e7ylaryny\u0148 salamyny we i\u0148 gowy arzuwlaryny be\u00fdan etdi.<br \/>\n\u015ee\u00fdle-de diplomat Mejlisi\u0148 d\u00fcz\u00fcmi we onu\u0148 k\u00f6pugurly i\u015fleri, ilkinji nobatda, \u00fdurdumyzy\u0148 kanun\u00e7ylyk bin\u00fdadyny toplumla\u00fdyn d\u00f6wrebapla\u015fdyrmak babatda alyp bar\u00fdan i\u015fleri bilen tany\u015fdyryldy. \u015eunu\u0148 bilen baglylykda, \u00f6zara d\u00fc\u015f\u00fcni\u015fmegi we ynany\u015fmagy pugtalandyrmak, netijeli d\u00f6wletara hyzmatda\u015flygy gi\u0148eltmek maksady bilen, \u00fdakyn parlamentara gatna\u015fyklary \u00fdola go\u00fdmak teklip edildi.<br \/>\nAkambi Andre Okunlola-Biau Benin Respublikasyny\u0148 T\u00fcrkmenistan bilen hyzmatda\u015flygy i\u015fje\u0148le\u015fdirm\u00e4ge gyzyklanma bildir\u00fd\u00e4ndigini nygtap, ikitarapla\u00fdyn gatna\u015fyklary d\u00fcrli ugurlar bo\u00fdun\u00e7a, \u015fol sanda sy\u00fdasy, s\u00f6wda-ykdysady we medeni-ynsanperwer ulgamlarda \u00f6sd\u00fcrmek \u00fc\u00e7in \u00e4hli tagallalary etm\u00e4ge ta\u00fd\u00fdardygyny tassyklady.<\/p>\n","protected":false},"excerpt":{"rendered":"<p>5-nji dekabrda T\u00fcrkmenistany\u0148 Mejlisi\u0148 Ba\u015flygy D.Gulmanowa Benin Respublikasyny\u0148 T\u00fcrkmenistandaky Adatdan da\u015fary we Doly ygty\u00fdarly Il\u00e7isi Akambi Andre Okunlola-Biauwdan ynan\u00e7 hatyny kabul etdi. Milli parlamenti\u0148 \u00fdolba\u015f\u00e7ysy d\u00f6wlet Ba\u015ftutanymyzy\u0148 adyndan diplomaty jogapk\u00e4rli wezip\u00e4 bellenilmegi bilen gutlap, o\u0148a iki \u00fdurdu\u0148 arasyndaky dostlukly gatna\u015fyklary, \u00f6zara b\u00e4hbitli hyzmatda\u015flygy pugtalandyrmak bo\u00fdun\u00e7a alyp barjak i\u015finde \u00fcst\u00fcnlikleri arzuw etdi. Doly ygty\u00fdarly wekil m\u00e4hirli [&hellip;]<\/p>\n","protected":false},"author":2,"featured_media":94260,"comment_status":"open","ping_status":"closed","sticky":false,"template":"","format":"standard","meta":{"footnotes":""},"categories":[3],"tags":[],"acf":[],"_links":{"self":[{"href":"https:\/\/zamanturkmenistan.com.tm\/index.php?rest_route=\/wp\/v2\/posts\/94259"}],"collection":[{"href":"https:\/\/zamanturkmenistan.com.tm\/index.php?rest_route=\/wp\/v2\/posts"}],"about":[{"href":"https:\/\/zamanturkmenistan.com.tm\/index.php?rest_route=\/wp\/v2\/types\/post"}],"author":[{"embeddable":true,"href":"https:\/\/zamanturkmenistan.com.tm\/index.php?rest_route=\/wp\/v2\/users\/2"}],"replies":[{"embeddable":true,"href":"https:\/\/zamanturkmenistan.com.tm\/index.php?rest_route=%2Fwp%2Fv2%2Fcomments&post=94259"}],"version-history":[{"count":1,"href":"https:\/\/zamanturkmenistan.com.tm\/index.php?rest_route=\/wp\/v2\/posts\/94259\/revisions"}],"predecessor-version":[{"id":94261,"href":"https:\/\/zamanturkmenistan.com.tm\/index.php?rest_route=\/wp\/v2\/posts\/94259\/revisions\/94261"}],"wp:featuredmedia":[{"embeddable":true,"href":"https:\/\/zamanturkmenistan.com.tm\/index.php?rest_route=\/wp\/v2\/media\/94260"}],"wp:attachment":[{"href":"https:\/\/zamanturkmenistan.com.tm\/index.php?rest_route=%2Fwp%2Fv2%2Fmedia&parent=94259"}],"wp:term":[{"taxonomy":"category","embeddable":true,"href":"https:\/\/zamanturkmenistan.com.tm\/index.php?rest_route=%2Fwp%2Fv2%2Fcategories&post=94259"},{"taxonomy":"post_tag","embeddable":true,"href":"https:\/\/zamanturkmenistan.com.tm\/index.php?rest_route=%2Fwp%2Fv2%2Ftags&post=94259"}],"curies":[{"name":"wp","href":"https:\/\/api.w.org\/{rel}","templated":true}]}}