{"id":94262,"date":"2023-12-06T13:35:45","date_gmt":"2023-12-06T08:35:45","guid":{"rendered":"https:\/\/zamanturkmenistan.com.tm\/?p=94262"},"modified":"2023-12-06T13:35:45","modified_gmt":"2023-12-06T08:35:45","slug":"turkmenistanyn-dasary-isler-ministrliginde-halkara-zahmet-guramasynyn-wekilleri-bilen-dususyk","status":"publish","type":"post","link":"https:\/\/zamanturkmenistan.com.tm\/?p=94262","title":{"rendered":"T\u00fcrkmenistany\u0148 Da\u015fary i\u015fler ministrliginde Halkara z\u00e4hmet guramasyny\u0148 wekilleri bilen du\u015fu\u015fyk"},"content":{"rendered":"<p>5-nji dekabrda T\u00fcrkmenistany\u0148 Da\u015fary i\u015fler ministrini\u0148 orunbasary W.Haji\u00fdew bilen, A\u015fgabada sapar bilen gelen, Halkara Z\u00e4hmet Guramasyny\u0148 Dolandyry\u015f we \u00fc\u00e7 tarapla\u00fdynlyk departamentini\u0148 direktoryny\u0148 orunbasary Kamran Fannizadeni\u0148 \u00fdolba\u015f\u00e7ylygyndaky HZG-ni\u0148 wekili\u00fdetini\u0148 arasynda du\u015fu\u015fyk ge\u00e7irildi.<br \/>\nDu\u015fu\u015fykda taraplar \u201c\u00ddol kartada\u201d g\u00f6rkezilen meseleleri\u0148 \u00fderine \u00fdetirili\u015fini ara alyp maslahatla\u015fdylar we 2023-nji \u00fdylda T\u00fcrkmenistany\u0148 H\u00f6k\u00fcmeti bilen HZG-ni\u0148 arasyndaky gatna\u015fyklary\u0148 esasy ugurlaryny we hyzmatda\u015flygy\u0148 anyk \u00e4dimlerini kesgitlediler.<br \/>\nHZG-ni\u0148 \u00e7\u00e4klerinde \u00f6z \u00fcst\u00fcne alan bor\u00e7namalaryny hemmetarapla\u00fdyn \u00fderine \u00fdetirmek ugrunda t\u00fcrkmen tarapyny\u0148 ygrarlydygyny HZG-ni\u0148 wekilleri goldadylar.<br \/>\nHyzmatda\u015flygy \u00f6sd\u00fcrmek nukda\u00fdnazaryndan geple\u015fikleri has-da gi\u0148eltmek we ulgamla\u00fdyn esasda aragatna\u015fyk gurmak meselelerine garaldy. \u015eunu\u0148 bilen baglylykda, taraplar 2024-nji \u00fdyldaky anyk \u00e7\u00e4reler bo\u00fdun\u00e7a indiki amaly hereketleri ara alyp maslahatla\u015fdylar.<br \/>\nDu\u015fu\u015fygy\u0148 \u00e7\u00e4klerinde Halkara Z\u00e4hmet Guramasyny\u0148 wekilleri t\u00fcrkmen tarapyny bu ugurdaky i\u015fleri\u0148 netijeleri bilen tany\u015fdyrdylar we \u00fdakyn geljek \u00fc\u00e7in hyzmatda\u015flyga bolan gara\u00fdy\u015flaryny m\u00e4lim etdiler.<\/p>\n","protected":false},"excerpt":{"rendered":"<p>5-nji dekabrda T\u00fcrkmenistany\u0148 Da\u015fary i\u015fler ministrini\u0148 orunbasary W.Haji\u00fdew bilen, A\u015fgabada sapar bilen gelen, Halkara Z\u00e4hmet Guramasyny\u0148 Dolandyry\u015f we \u00fc\u00e7 tarapla\u00fdynlyk departamentini\u0148 direktoryny\u0148 orunbasary Kamran Fannizadeni\u0148 \u00fdolba\u015f\u00e7ylygyndaky HZG-ni\u0148 wekili\u00fdetini\u0148 arasynda du\u015fu\u015fyk ge\u00e7irildi. Du\u015fu\u015fykda taraplar \u201c\u00ddol kartada\u201d g\u00f6rkezilen meseleleri\u0148 \u00fderine \u00fdetirili\u015fini ara alyp maslahatla\u015fdylar we 2023-nji \u00fdylda T\u00fcrkmenistany\u0148 H\u00f6k\u00fcmeti bilen HZG-ni\u0148 arasyndaky gatna\u015fyklary\u0148 esasy ugurlaryny we hyzmatda\u015flygy\u0148 [&hellip;]<\/p>\n","protected":false},"author":2,"featured_media":94263,"comment_status":"open","ping_status":"closed","sticky":false,"template":"","format":"standard","meta":{"footnotes":""},"categories":[3],"tags":[],"acf":[],"_links":{"self":[{"href":"https:\/\/zamanturkmenistan.com.tm\/index.php?rest_route=\/wp\/v2\/posts\/94262"}],"collection":[{"href":"https:\/\/zamanturkmenistan.com.tm\/index.php?rest_route=\/wp\/v2\/posts"}],"about":[{"href":"https:\/\/zamanturkmenistan.com.tm\/index.php?rest_route=\/wp\/v2\/types\/post"}],"author":[{"embeddable":true,"href":"https:\/\/zamanturkmenistan.com.tm\/index.php?rest_route=\/wp\/v2\/users\/2"}],"replies":[{"embeddable":true,"href":"https:\/\/zamanturkmenistan.com.tm\/index.php?rest_route=%2Fwp%2Fv2%2Fcomments&post=94262"}],"version-history":[{"count":1,"href":"https:\/\/zamanturkmenistan.com.tm\/index.php?rest_route=\/wp\/v2\/posts\/94262\/revisions"}],"predecessor-version":[{"id":94264,"href":"https:\/\/zamanturkmenistan.com.tm\/index.php?rest_route=\/wp\/v2\/posts\/94262\/revisions\/94264"}],"wp:featuredmedia":[{"embeddable":true,"href":"https:\/\/zamanturkmenistan.com.tm\/index.php?rest_route=\/wp\/v2\/media\/94263"}],"wp:attachment":[{"href":"https:\/\/zamanturkmenistan.com.tm\/index.php?rest_route=%2Fwp%2Fv2%2Fmedia&parent=94262"}],"wp:term":[{"taxonomy":"category","embeddable":true,"href":"https:\/\/zamanturkmenistan.com.tm\/index.php?rest_route=%2Fwp%2Fv2%2Fcategories&post=94262"},{"taxonomy":"post_tag","embeddable":true,"href":"https:\/\/zamanturkmenistan.com.tm\/index.php?rest_route=%2Fwp%2Fv2%2Ftags&post=94262"}],"curies":[{"name":"wp","href":"https:\/\/api.w.org\/{rel}","templated":true}]}}