{"id":94380,"date":"2023-12-07T13:07:59","date_gmt":"2023-12-07T08:07:59","guid":{"rendered":"https:\/\/zamanturkmenistan.com.tm\/?p=94380"},"modified":"2023-12-07T13:08:13","modified_gmt":"2023-12-07T08:08:13","slug":"2024-nji-yylyn-17-nji-martynda-russiyada-prezident-saylawlary-geciriler","status":"publish","type":"post","link":"https:\/\/zamanturkmenistan.com.tm\/?p=94380","title":{"rendered":"2024-nji \u00fdyly\u0148 17-nji martynda Russi\u00fdada prezident sa\u00fdlawlary ge\u00e7iriler"},"content":{"rendered":"<p>Russi\u00fdany\u0148 Federasi\u00fda Ge\u0148e\u015fi 2024-nji \u00fdyly\u0148 17-nji martynda \u00fdurtda Prezident sa\u00fdlawlaryny\u0148 ge\u00e7iriljekdigini m\u00e4lim etdi. Degi\u015fli karar palatany\u0148 wekilleri tarapyndan pen\u015fenbe g\u00fcni ge\u00e7irilen maslahatda kabul edildi.<br \/>\n&#8220;2024-nji \u00fdyly\u0148 17-nji martynda Russi\u00fda Federasi\u00fdasynda Prezident sa\u00fdlawlary ge\u00e7iriler. Bu karar resmi ta\u00fddan \u00e7ap edilen g\u00fcn\u00fcnden g\u00fc\u00fdje girer&#8221; di\u00fdlip, kararda bellenil\u00fd\u00e4r.<br \/>\n-Russi\u00fda Federasi\u00fdasyny\u0148 Konstitusi\u00fdasyny\u0148 102-nji maddasyna la\u00fdyklykda, Russi\u00fdada Prezident sa\u00fdlawlaryny\u0148 ge\u00e7iriljek wagtyny kesgitlemek Federasi\u00fda Ge\u0148e\u015fini\u0148 a\u00fdratyn ygty\u00fdarlygyna gir\u00fd\u00e4r &#8211; di\u00fdip, Federasi\u00fda Ge\u0148e\u015fini\u0148 Konstitusi\u00fda komitetini\u0148 ba\u015flygyny\u0148 birinji orunbasary Wladimir Poleta\u00fdew a\u00fdtdy.<\/p>\n","protected":false},"excerpt":{"rendered":"<p>Russi\u00fdany\u0148 Federasi\u00fda Ge\u0148e\u015fi 2024-nji \u00fdyly\u0148 17-nji martynda \u00fdurtda Prezident sa\u00fdlawlaryny\u0148 ge\u00e7iriljekdigini m\u00e4lim etdi. Degi\u015fli karar palatany\u0148 wekilleri tarapyndan pen\u015fenbe g\u00fcni ge\u00e7irilen maslahatda kabul edildi. &#8220;2024-nji \u00fdyly\u0148 17-nji martynda Russi\u00fda Federasi\u00fdasynda Prezident sa\u00fdlawlary ge\u00e7iriler. Bu karar resmi ta\u00fddan \u00e7ap edilen g\u00fcn\u00fcnden g\u00fc\u00fdje girer&#8221; di\u00fdlip, kararda bellenil\u00fd\u00e4r. -Russi\u00fda Federasi\u00fdasyny\u0148 Konstitusi\u00fdasyny\u0148 102-nji maddasyna la\u00fdyklykda, Russi\u00fdada Prezident sa\u00fdlawlaryny\u0148 ge\u00e7iriljek [&hellip;]<\/p>\n","protected":false},"author":2,"featured_media":94381,"comment_status":"open","ping_status":"closed","sticky":false,"template":"","format":"standard","meta":{"footnotes":""},"categories":[5],"tags":[],"acf":[],"_links":{"self":[{"href":"https:\/\/zamanturkmenistan.com.tm\/index.php?rest_route=\/wp\/v2\/posts\/94380"}],"collection":[{"href":"https:\/\/zamanturkmenistan.com.tm\/index.php?rest_route=\/wp\/v2\/posts"}],"about":[{"href":"https:\/\/zamanturkmenistan.com.tm\/index.php?rest_route=\/wp\/v2\/types\/post"}],"author":[{"embeddable":true,"href":"https:\/\/zamanturkmenistan.com.tm\/index.php?rest_route=\/wp\/v2\/users\/2"}],"replies":[{"embeddable":true,"href":"https:\/\/zamanturkmenistan.com.tm\/index.php?rest_route=%2Fwp%2Fv2%2Fcomments&post=94380"}],"version-history":[{"count":1,"href":"https:\/\/zamanturkmenistan.com.tm\/index.php?rest_route=\/wp\/v2\/posts\/94380\/revisions"}],"predecessor-version":[{"id":94382,"href":"https:\/\/zamanturkmenistan.com.tm\/index.php?rest_route=\/wp\/v2\/posts\/94380\/revisions\/94382"}],"wp:featuredmedia":[{"embeddable":true,"href":"https:\/\/zamanturkmenistan.com.tm\/index.php?rest_route=\/wp\/v2\/media\/94381"}],"wp:attachment":[{"href":"https:\/\/zamanturkmenistan.com.tm\/index.php?rest_route=%2Fwp%2Fv2%2Fmedia&parent=94380"}],"wp:term":[{"taxonomy":"category","embeddable":true,"href":"https:\/\/zamanturkmenistan.com.tm\/index.php?rest_route=%2Fwp%2Fv2%2Fcategories&post=94380"},{"taxonomy":"post_tag","embeddable":true,"href":"https:\/\/zamanturkmenistan.com.tm\/index.php?rest_route=%2Fwp%2Fv2%2Ftags&post=94380"}],"curies":[{"name":"wp","href":"https:\/\/api.w.org\/{rel}","templated":true}]}}