{"id":94404,"date":"2023-12-07T14:11:51","date_gmt":"2023-12-07T09:11:51","guid":{"rendered":"https:\/\/zamanturkmenistan.com.tm\/?p=94404"},"modified":"2023-12-07T14:11:51","modified_gmt":"2023-12-07T09:11:51","slug":"7-nji-fewralda-azerbayjanda-nobatdan-dasary-prezident-saylawlary-geciriler","status":"publish","type":"post","link":"https:\/\/zamanturkmenistan.com.tm\/?p=94404","title":{"rendered":"7-nji fewralda Azerba\u00fdjanda nobatdan da\u015fary Prezident sa\u00fdlawlary ge\u00e7iriler"},"content":{"rendered":"<p>2024-nji \u00fdyly\u0148 7-nji fewralynda Azerba\u00fdjanda \u00fdurdu\u0148 Prezidenti Ilham Ali\u00fdewi\u0148 karary bo\u00fdun\u00e7a m\u00f6hletinden \u00f6\u0148 Prezident sa\u00fdlawlary ge\u00e7iriler.<br \/>\n\u201c7-nji dekabrda Azerba\u00fdjany\u0148 Prezidenti Ilham Ali\u00fdew d\u00f6wlet Ba\u015ftutanyny\u0148 nobatdan da\u015fary sa\u00fdlawlaryny ge\u00e7irmek baradaky karara gol \u00e7ekdi. Karara la\u00fdyklykda, Merkezi sa\u00fdlaw komissi\u00fdasyna fewral a\u00fdynda Azerba\u00fdjan Respublikasyny\u0148 Prezidentini\u0148 nobatdan da\u015fary sa\u00fdlawlaryny\u0148 ge\u00e7irilmegini \u00fcpj\u00fcn etmek tab\u015fyryldy\u201d di\u00fdlip, d\u00f6wlet Ba\u015ftutanyny\u0148 web sa\u00fdtyndaky be\u00fdanatda bellenil\u00fd\u00e4r.<br \/>\nIlham Ali\u00fdew \u00fdene-de Respublikany\u0148 Prezidenti wezipesine dala\u015f edip biler.<\/p>\n","protected":false},"excerpt":{"rendered":"<p>2024-nji \u00fdyly\u0148 7-nji fewralynda Azerba\u00fdjanda \u00fdurdu\u0148 Prezidenti Ilham Ali\u00fdewi\u0148 karary bo\u00fdun\u00e7a m\u00f6hletinden \u00f6\u0148 Prezident sa\u00fdlawlary ge\u00e7iriler. \u201c7-nji dekabrda Azerba\u00fdjany\u0148 Prezidenti Ilham Ali\u00fdew d\u00f6wlet Ba\u015ftutanyny\u0148 nobatdan da\u015fary sa\u00fdlawlaryny ge\u00e7irmek baradaky karara gol \u00e7ekdi. Karara la\u00fdyklykda, Merkezi sa\u00fdlaw komissi\u00fdasyna fewral a\u00fdynda Azerba\u00fdjan Respublikasyny\u0148 Prezidentini\u0148 nobatdan da\u015fary sa\u00fdlawlaryny\u0148 ge\u00e7irilmegini \u00fcpj\u00fcn etmek tab\u015fyryldy\u201d di\u00fdlip, d\u00f6wlet Ba\u015ftutanyny\u0148 web sa\u00fdtyndaky be\u00fdanatda [&hellip;]<\/p>\n","protected":false},"author":2,"featured_media":89049,"comment_status":"open","ping_status":"closed","sticky":false,"template":"","format":"standard","meta":{"footnotes":""},"categories":[5],"tags":[],"acf":[],"_links":{"self":[{"href":"https:\/\/zamanturkmenistan.com.tm\/index.php?rest_route=\/wp\/v2\/posts\/94404"}],"collection":[{"href":"https:\/\/zamanturkmenistan.com.tm\/index.php?rest_route=\/wp\/v2\/posts"}],"about":[{"href":"https:\/\/zamanturkmenistan.com.tm\/index.php?rest_route=\/wp\/v2\/types\/post"}],"author":[{"embeddable":true,"href":"https:\/\/zamanturkmenistan.com.tm\/index.php?rest_route=\/wp\/v2\/users\/2"}],"replies":[{"embeddable":true,"href":"https:\/\/zamanturkmenistan.com.tm\/index.php?rest_route=%2Fwp%2Fv2%2Fcomments&post=94404"}],"version-history":[{"count":1,"href":"https:\/\/zamanturkmenistan.com.tm\/index.php?rest_route=\/wp\/v2\/posts\/94404\/revisions"}],"predecessor-version":[{"id":94405,"href":"https:\/\/zamanturkmenistan.com.tm\/index.php?rest_route=\/wp\/v2\/posts\/94404\/revisions\/94405"}],"wp:featuredmedia":[{"embeddable":true,"href":"https:\/\/zamanturkmenistan.com.tm\/index.php?rest_route=\/wp\/v2\/media\/89049"}],"wp:attachment":[{"href":"https:\/\/zamanturkmenistan.com.tm\/index.php?rest_route=%2Fwp%2Fv2%2Fmedia&parent=94404"}],"wp:term":[{"taxonomy":"category","embeddable":true,"href":"https:\/\/zamanturkmenistan.com.tm\/index.php?rest_route=%2Fwp%2Fv2%2Fcategories&post=94404"},{"taxonomy":"post_tag","embeddable":true,"href":"https:\/\/zamanturkmenistan.com.tm\/index.php?rest_route=%2Fwp%2Fv2%2Ftags&post=94404"}],"curies":[{"name":"wp","href":"https:\/\/api.w.org\/{rel}","templated":true}]}}