{"id":94581,"date":"2023-12-08T12:06:08","date_gmt":"2023-12-08T07:06:08","guid":{"rendered":"https:\/\/zamanturkmenistan.com.tm\/?p=94581"},"modified":"2023-12-08T17:36:49","modified_gmt":"2023-12-08T12:36:49","slug":"iordaniya-we-masdar-yasyl-wodorod-hem-de-yel-energiyasyny-ondurmek-barada-iki-sertnama-gol-cekdiler","status":"publish","type":"post","link":"https:\/\/zamanturkmenistan.com.tm\/?p=94581","title":{"rendered":"Iordani\u00fda we \u201cMasdar\u201d \u00fda\u015fyl wodorod hem-de \u00fdel energi\u00fdasyny \u00f6nd\u00fcrmek barada iki \u015fertnama gol \u00e7ekdiler"},"content":{"rendered":"<p>D\u00fc\u00fdn Iordani\u00fda bilen Birle\u015fen Arap Emirliklerini\u0148 (BAE) d\u00f6wlet e\u00fde\u00e7iligind\u00e4ki \u201cAbu Dhabi Future Energy Company\u201d (Masdar) kompani\u00fdasyny\u0148 arasynda \u00fdurtda \u201c\u00fda\u015fyl\u201d wodorod we \u00fdel energi\u00fdasyny \u00f6nd\u00fcrmek bo\u00fdun\u00e7a iki \u015fertnama gol \u00e7ekildi.<br \/>\nIordani\u00fdany\u0148 Energetika we mineral seri\u015fdeler ministri Saleh al-Harab\u015fi \u00f6z be\u00fdanatynda \u201c\u00fda\u015fyl\u201d wodorod \u00f6nd\u00fcr\u00fd\u00e4n desgany\u0148 Iordani\u00fdany\u0148 Akaba portuny\u0148 gola\u00fdynda \u00fderle\u015fjekdigini we s\u00fc\u00fdjedilen de\u0148iz suwlaryny we t\u00e4zelenip bil\u00fd\u00e4n energi\u00fda \u00e7e\u015fmelerini ulanyp, \u00fdylda 50 m\u00fc\u0148 tonna wodorod \u00f6nd\u00fcrjekdigini a\u00fdtdy.<br \/>\nBe\u00fdleki bir \u015fertnama la\u00fdyklykda, \u201cMasdar\u201d Iordani\u00fdada energi\u00fda sakla\u00fdy\u015f ulgamly 1 GW kuwwatly elektrik bekedini i\u015fl\u00e4p d\u00fczer di\u00fdlip, be\u00fdanatda bellenil\u00fd\u00e4r. Be\u00fdanatda \u015fertnamalary\u0148 BAE-de ge\u00e7iril\u00fd\u00e4n COP28 konferensi\u00fdasynda gol \u00e7ekilendigi a\u00fddyl\u00fdar.<\/p>\n","protected":false},"excerpt":{"rendered":"<p>D\u00fc\u00fdn Iordani\u00fda bilen Birle\u015fen Arap Emirliklerini\u0148 (BAE) d\u00f6wlet e\u00fde\u00e7iligind\u00e4ki \u201cAbu Dhabi Future Energy Company\u201d (Masdar) kompani\u00fdasyny\u0148 arasynda \u00fdurtda \u201c\u00fda\u015fyl\u201d wodorod we \u00fdel energi\u00fdasyny \u00f6nd\u00fcrmek bo\u00fdun\u00e7a iki \u015fertnama gol \u00e7ekildi. Iordani\u00fdany\u0148 Energetika we mineral seri\u015fdeler ministri Saleh al-Harab\u015fi \u00f6z be\u00fdanatynda \u201c\u00fda\u015fyl\u201d wodorod \u00f6nd\u00fcr\u00fd\u00e4n desgany\u0148 Iordani\u00fdany\u0148 Akaba portuny\u0148 gola\u00fdynda \u00fderle\u015fjekdigini we s\u00fc\u00fdjedilen de\u0148iz suwlaryny we t\u00e4zelenip bil\u00fd\u00e4n [&hellip;]<\/p>\n","protected":false},"author":2,"featured_media":94124,"comment_status":"open","ping_status":"closed","sticky":false,"template":"","format":"standard","meta":{"footnotes":""},"categories":[5],"tags":[],"acf":[],"_links":{"self":[{"href":"https:\/\/zamanturkmenistan.com.tm\/index.php?rest_route=\/wp\/v2\/posts\/94581"}],"collection":[{"href":"https:\/\/zamanturkmenistan.com.tm\/index.php?rest_route=\/wp\/v2\/posts"}],"about":[{"href":"https:\/\/zamanturkmenistan.com.tm\/index.php?rest_route=\/wp\/v2\/types\/post"}],"author":[{"embeddable":true,"href":"https:\/\/zamanturkmenistan.com.tm\/index.php?rest_route=\/wp\/v2\/users\/2"}],"replies":[{"embeddable":true,"href":"https:\/\/zamanturkmenistan.com.tm\/index.php?rest_route=%2Fwp%2Fv2%2Fcomments&post=94581"}],"version-history":[{"count":1,"href":"https:\/\/zamanturkmenistan.com.tm\/index.php?rest_route=\/wp\/v2\/posts\/94581\/revisions"}],"predecessor-version":[{"id":94582,"href":"https:\/\/zamanturkmenistan.com.tm\/index.php?rest_route=\/wp\/v2\/posts\/94581\/revisions\/94582"}],"wp:featuredmedia":[{"embeddable":true,"href":"https:\/\/zamanturkmenistan.com.tm\/index.php?rest_route=\/wp\/v2\/media\/94124"}],"wp:attachment":[{"href":"https:\/\/zamanturkmenistan.com.tm\/index.php?rest_route=%2Fwp%2Fv2%2Fmedia&parent=94581"}],"wp:term":[{"taxonomy":"category","embeddable":true,"href":"https:\/\/zamanturkmenistan.com.tm\/index.php?rest_route=%2Fwp%2Fv2%2Fcategories&post=94581"},{"taxonomy":"post_tag","embeddable":true,"href":"https:\/\/zamanturkmenistan.com.tm\/index.php?rest_route=%2Fwp%2Fv2%2Ftags&post=94581"}],"curies":[{"name":"wp","href":"https:\/\/api.w.org\/{rel}","templated":true}]}}