{"id":94865,"date":"2023-12-13T12:25:42","date_gmt":"2023-12-13T07:25:42","guid":{"rendered":"https:\/\/zamanturkmenistan.com.tm\/?p=94865"},"modified":"2023-12-13T12:25:42","modified_gmt":"2023-12-13T07:25:42","slug":"donald-tusk-polsanyn-premyer-ministri-saylandy","status":"publish","type":"post","link":"https:\/\/zamanturkmenistan.com.tm\/?p=94865","title":{"rendered":"Donald Tusk Pol\u015fany\u0148 Prem\u00fder-ministri sa\u00fdlandy"},"content":{"rendered":"<p>I\u015fin\u00adden \u00e7e\u00adkil\u00ad\u00fd\u00e4n h\u00f6\u00adk\u00fc\u00admet ynam se\u00adsi\u00adni alyp bil\u00adm\u00e4n\u00adso\u0148, 12-nji de\u00adkabr\u00adda par\u00adla\u00adment\u00adde ge\u00ad\u00e7i\u00adri\u00adlen ses be\u00adri\u015f\u00adlik\u00adde Pol\u00ad\u015fa\u00adny\u0148 Prem\u00ad\u00fder-mi\u00adnist\u00adri we\u00adzi\u00adpe\u00adsi\u00adne Do\u00adnald Tusk sa\u00fd\u00adlan\u00addy.<br \/>\nDo\u00adnald Tusk Se\u00fdm\u00adde (par\u00adla\u00admen\u00adti\u0148 a\u015fa\u00adky pa\u00adla\u00adta\u00adsy) 248 se\u00adse e\u00fde bol\u00addy. O\u0148a \u00fc\u00e7 sa\u00adny esa\u00adsy par\u00adti\u00ad\u00fda \u2013 \u201cRa\u00ad\u00fdat koa\u00adli\u00adsi\u00ad\u00fda\u00adsy\u201d, \u201c\u00dc\u00e7\u00fcn\u00adji \u00fdol\u201d we \u201c\u00c7ep\u201d gol\u00addaw ber\u00addi. Do\u00adnald Tus\u00adka 201 par\u00adla\u00adment ag\u00adza\u00adsy ses be\u00adrip, sak\u00adla\u00adnan bol\u00adma\u00addy. \u015ee\u00fd\u00adle\u00adlik\u00adde, \u00f6\u0148\u00adki Prem\u00ad\u00fder-mi\u00adnistr Ma\u00adte\u00adu\u015f Mu\u00adra\u00adwes\u00adki\u00fd ynam se\u00adsi\u00adni alyp bil\u00adm\u00e4n\u00adso\u0148, Se\u00fdm ta\u00adra\u00adpyn\u00addan Do\u00adnald Tusk ma\u00adkul\u00adlan\u00addy.<br \/>\nPar\u00adla\u00adment sa\u00fd\u00adlaw\u00adla\u00adry 15-nji okt\u00ad\u00fdabr\u00adda Pol\u00ad\u015fa\u00adda ge\u00ad\u00e7i\u00adril\u00addi. H\u00e4\u00adki\u00admi\u00ad\u00fdet ba\u00ad\u015fyn\u00adda\u00adky \u201cKa\u00adnun we Ada\u00adlat\u201d par\u00adti\u00ad\u00fda\u00adsy (PiS) bi\u00adrin\u00adji \u00fde\u00adri e\u00fde\u00adle\u00addi, \u00fd\u00f6\u00adne Se\u00fdm\u00adda h\u00f6\u00adk\u00fc\u00admet gur\u00admak \u00fc\u00e7in ze\u00adrur orun\u00adla\u00adry\u0148 k\u00f6\u00adp\u00fc\u00adsi\u00adni alyp bil\u00adme\u00addi.<br \/>\n27-nji no\u00ad\u00fdabr\u00adda Pre\u00adzi\u00addent An\u00adje\u00fd Du\u00adda PiS-i\u0148 we\u00adki\u00adli M. Mo\u00adra\u00adwes\u00adk\u00e4 Mi\u00adnistr\u00adler Ka\u00adbi\u00adne\u00adti\u00adni d\u00f6\u00adret\u00adme\u00adgi tab\u00ad\u015fyr\u00addy. \u015ee\u00fd\u00adle-de bol\u00adsa, Se\u00fdm tek\u00adlip edi\u00adlen h\u00f6\u00adk\u00fc\u00adme\u00adti in\u00adk\u00e4r edip, PiS par\u00adti\u00ad\u00fda\u00adsy\u00adny\u0148 se\u00adkiz \u00fdyl\u00adlap do\u00adlan\u00addy\u00adry\u00ad\u015fy\u00adny ara\u00addan a\u00fdyr\u00addy.<\/p>\n","protected":false},"excerpt":{"rendered":"<p>I\u015fin\u00adden \u00e7e\u00adkil\u00ad\u00fd\u00e4n h\u00f6\u00adk\u00fc\u00admet ynam se\u00adsi\u00adni alyp bil\u00adm\u00e4n\u00adso\u0148, 12-nji de\u00adkabr\u00adda par\u00adla\u00adment\u00adde ge\u00ad\u00e7i\u00adri\u00adlen ses be\u00adri\u015f\u00adlik\u00adde Pol\u00ad\u015fa\u00adny\u0148 Prem\u00ad\u00fder-mi\u00adnist\u00adri we\u00adzi\u00adpe\u00adsi\u00adne Do\u00adnald Tusk sa\u00fd\u00adlan\u00addy. Do\u00adnald Tusk Se\u00fdm\u00adde (par\u00adla\u00admen\u00adti\u0148 a\u015fa\u00adky pa\u00adla\u00adta\u00adsy) 248 se\u00adse e\u00fde bol\u00addy. O\u0148a \u00fc\u00e7 sa\u00adny esa\u00adsy par\u00adti\u00ad\u00fda \u2013 \u201cRa\u00ad\u00fdat koa\u00adli\u00adsi\u00ad\u00fda\u00adsy\u201d, \u201c\u00dc\u00e7\u00fcn\u00adji \u00fdol\u201d we \u201c\u00c7ep\u201d gol\u00addaw ber\u00addi. Do\u00adnald Tus\u00adka 201 par\u00adla\u00adment ag\u00adza\u00adsy ses be\u00adrip, sak\u00adla\u00adnan bol\u00adma\u00addy. \u015ee\u00fd\u00adle\u00adlik\u00adde, \u00f6\u0148\u00adki Prem\u00ad\u00fder-mi\u00adnistr [&hellip;]<\/p>\n","protected":false},"author":2,"featured_media":94866,"comment_status":"open","ping_status":"closed","sticky":false,"template":"","format":"standard","meta":{"footnotes":""},"categories":[5],"tags":[],"acf":[],"_links":{"self":[{"href":"https:\/\/zamanturkmenistan.com.tm\/index.php?rest_route=\/wp\/v2\/posts\/94865"}],"collection":[{"href":"https:\/\/zamanturkmenistan.com.tm\/index.php?rest_route=\/wp\/v2\/posts"}],"about":[{"href":"https:\/\/zamanturkmenistan.com.tm\/index.php?rest_route=\/wp\/v2\/types\/post"}],"author":[{"embeddable":true,"href":"https:\/\/zamanturkmenistan.com.tm\/index.php?rest_route=\/wp\/v2\/users\/2"}],"replies":[{"embeddable":true,"href":"https:\/\/zamanturkmenistan.com.tm\/index.php?rest_route=%2Fwp%2Fv2%2Fcomments&post=94865"}],"version-history":[{"count":1,"href":"https:\/\/zamanturkmenistan.com.tm\/index.php?rest_route=\/wp\/v2\/posts\/94865\/revisions"}],"predecessor-version":[{"id":94867,"href":"https:\/\/zamanturkmenistan.com.tm\/index.php?rest_route=\/wp\/v2\/posts\/94865\/revisions\/94867"}],"wp:featuredmedia":[{"embeddable":true,"href":"https:\/\/zamanturkmenistan.com.tm\/index.php?rest_route=\/wp\/v2\/media\/94866"}],"wp:attachment":[{"href":"https:\/\/zamanturkmenistan.com.tm\/index.php?rest_route=%2Fwp%2Fv2%2Fmedia&parent=94865"}],"wp:term":[{"taxonomy":"category","embeddable":true,"href":"https:\/\/zamanturkmenistan.com.tm\/index.php?rest_route=%2Fwp%2Fv2%2Fcategories&post=94865"},{"taxonomy":"post_tag","embeddable":true,"href":"https:\/\/zamanturkmenistan.com.tm\/index.php?rest_route=%2Fwp%2Fv2%2Ftags&post=94865"}],"curies":[{"name":"wp","href":"https:\/\/api.w.org\/{rel}","templated":true}]}}