{"id":94874,"date":"2023-12-13T12:51:16","date_gmt":"2023-12-13T07:51:16","guid":{"rendered":"https:\/\/zamanturkmenistan.com.tm\/?p=94874"},"modified":"2023-12-13T12:51:16","modified_gmt":"2023-12-13T07:51:16","slug":"gar-harasaty-atly-taze-sahna-eseri-gorkezildi","status":"publish","type":"post","link":"https:\/\/zamanturkmenistan.com.tm\/?p=94874","title":{"rendered":"\u00abGar harasaty\u00bb atly t\u00e4ze sahna eseri g\u00f6rkezildi"},"content":{"rendered":"<p>T\u00fcrkmenistany\u0148 Be\u00fdik Saparmyrat T\u00fcrkmenba\u015fy adyndaky ba\u015f akademiki drama teatrynda \u00abGar harasaty\u00bb atly sahna eserini\u0148 ilkinji g\u00f6rkezili\u015fi boldy. T\u00fcrk dramaturgy T\u00fcnjer J\u00fcjenogluny\u0148 p\u00fdesasy esasynda T\u00fcrkmenistany\u0148 sungatda at gazanan i\u015fg\u00e4ri Eziz I\u015fanguly\u00fdewi\u0148 re\u017eiss\u00fdorlyk etmeginde sahnala\u015fdyrylan t\u00e4ze o\u00fdun toma\u015fa\u00e7ylary\u0148 g\u00f6wn\u00fcnden turmagy ba\u015fardy.<br \/>\nSahna eserinde be\u00fdan edil\u00fd\u00e4n wakalar toma\u015fa\u00e7ylarda uly gyzyklanma d\u00f6retdi. Dag eteginde \u00fderle\u015f\u00fd\u00e4n oba adamlary\u0148 \u00fda\u015fa\u00fdy\u015f durmu\u015f \u015fertleri be\u00fdan edil\u00fd\u00e4n sahna eserind\u00e4ki wakalar toma\u015fa\u00e7ylary\u0148 hi\u00e7 birini biparh go\u00fdmady. Ondaky wakalar, dartgynly pursatlar toma\u015fa\u00e7yny wakany\u0148 i\u00e7inde alyp gid\u00fd\u00e4r. Bu bolsa teatry\u0148 artistlerini\u0148 \u00f6zlerine ynanylan gahrymanlaryny\u0148 ke\u015fplerini ussatlyk bilen \u00fderine \u00fdetirendiklerine \u015fa\u00fdatlyk ed\u00fd\u00e4r.<br \/>\n\u00abGar harasaty\u00bb sahna eserinde teatry\u0148 tejribeli, ussat artistleri Dil\u015fat Mel\u00e4\u00fdewa, Ma\u00fda Anna\u00fdewa, Bibi Abdyrahmanowa, \u015fe\u00fdle-de Begen\u00e7 Garly\u00fdew, Orazgeldi Durdy\u00fdew dagy \u00e7yky\u015f ed\u00fd\u00e4rler. K\u00f6p\u00e7\u00fclikle\u00fdin sahnada \u00e7yky\u015f eden teatry\u0148 artistlerini\u0148 \u00fderine \u00fdetiren \u00e7yky\u015flary hem k\u00f6plerde t\u00e4sir galdyryp, sahna eserini\u0148 gyzgala\u0148yny has-da artdyr\u00fdar.<br \/>\nT\u00e4ze sahna eserini\u0148 t\u00e4sirini artdyr\u00fdan zatlary\u0148 biri hem o\u00fdnu\u0148 sahna bezegidir. Maksat Amangylyjowy\u0148 p\u00fdesasyny\u0148 mazmunyna g\u00f6r\u00e4 \u00fderine \u00fdetiren sahna bezegine hem toma\u015fa\u00e7ylar \u00fdokary baha berdiler.<\/p>\n","protected":false},"excerpt":{"rendered":"<p>T\u00fcrkmenistany\u0148 Be\u00fdik Saparmyrat T\u00fcrkmenba\u015fy adyndaky ba\u015f akademiki drama teatrynda \u00abGar harasaty\u00bb atly sahna eserini\u0148 ilkinji g\u00f6rkezili\u015fi boldy. T\u00fcrk dramaturgy T\u00fcnjer J\u00fcjenogluny\u0148 p\u00fdesasy esasynda T\u00fcrkmenistany\u0148 sungatda at gazanan i\u015fg\u00e4ri Eziz I\u015fanguly\u00fdewi\u0148 re\u017eiss\u00fdorlyk etmeginde sahnala\u015fdyrylan t\u00e4ze o\u00fdun toma\u015fa\u00e7ylary\u0148 g\u00f6wn\u00fcnden turmagy ba\u015fardy. Sahna eserinde be\u00fdan edil\u00fd\u00e4n wakalar toma\u015fa\u00e7ylarda uly gyzyklanma d\u00f6retdi. Dag eteginde \u00fderle\u015f\u00fd\u00e4n oba adamlary\u0148 \u00fda\u015fa\u00fdy\u015f durmu\u015f [&hellip;]<\/p>\n","protected":false},"author":2,"featured_media":94875,"comment_status":"open","ping_status":"closed","sticky":false,"template":"","format":"standard","meta":{"footnotes":""},"categories":[3],"tags":[],"acf":[],"_links":{"self":[{"href":"https:\/\/zamanturkmenistan.com.tm\/index.php?rest_route=\/wp\/v2\/posts\/94874"}],"collection":[{"href":"https:\/\/zamanturkmenistan.com.tm\/index.php?rest_route=\/wp\/v2\/posts"}],"about":[{"href":"https:\/\/zamanturkmenistan.com.tm\/index.php?rest_route=\/wp\/v2\/types\/post"}],"author":[{"embeddable":true,"href":"https:\/\/zamanturkmenistan.com.tm\/index.php?rest_route=\/wp\/v2\/users\/2"}],"replies":[{"embeddable":true,"href":"https:\/\/zamanturkmenistan.com.tm\/index.php?rest_route=%2Fwp%2Fv2%2Fcomments&post=94874"}],"version-history":[{"count":1,"href":"https:\/\/zamanturkmenistan.com.tm\/index.php?rest_route=\/wp\/v2\/posts\/94874\/revisions"}],"predecessor-version":[{"id":94876,"href":"https:\/\/zamanturkmenistan.com.tm\/index.php?rest_route=\/wp\/v2\/posts\/94874\/revisions\/94876"}],"wp:featuredmedia":[{"embeddable":true,"href":"https:\/\/zamanturkmenistan.com.tm\/index.php?rest_route=\/wp\/v2\/media\/94875"}],"wp:attachment":[{"href":"https:\/\/zamanturkmenistan.com.tm\/index.php?rest_route=%2Fwp%2Fv2%2Fmedia&parent=94874"}],"wp:term":[{"taxonomy":"category","embeddable":true,"href":"https:\/\/zamanturkmenistan.com.tm\/index.php?rest_route=%2Fwp%2Fv2%2Fcategories&post=94874"},{"taxonomy":"post_tag","embeddable":true,"href":"https:\/\/zamanturkmenistan.com.tm\/index.php?rest_route=%2Fwp%2Fv2%2Ftags&post=94874"}],"curies":[{"name":"wp","href":"https:\/\/api.w.org\/{rel}","templated":true}]}}