{"id":94880,"date":"2023-12-13T12:54:33","date_gmt":"2023-12-13T07:54:33","guid":{"rendered":"https:\/\/zamanturkmenistan.com.tm\/?p=94880"},"modified":"2023-12-13T12:54:33","modified_gmt":"2023-12-13T07:54:33","slug":"taraplaryn-konferensiyasy-cop29-ny-azerbayjanda-gecirmek-kararyny-tassyklady","status":"publish","type":"post","link":"https:\/\/zamanturkmenistan.com.tm\/?p=94880","title":{"rendered":"Taraplary\u0148 konferensi\u00fdasy COP29-ny Azerba\u00fdjanda ge\u00e7irmek kararyny tassyklady"},"content":{"rendered":"<p>BMG-ni\u0148 Ho\u00adwa\u00adny\u0148 \u00fc\u00fdt\u00adge\u00adme\u00adgi ba\u00adra\u00adda\u00adky \u00c7ar\u00ad\u00e7u\u00adwa\u00adly kon\u00adwen\u00adsi\u00ad\u00fda\u00adsy\u00adny\u0148 do\u00adlan\u00addy\u00adry\u015f eda\u00adra\u00adsy bo\u00adlan Ta\u00adrap\u00adla\u00adry\u0148 kon\u00adfe\u00adren\u00adsi\u00ad\u00fda\u00adsy in\u00addi\u00adki COP29 sam\u00admi\u00adti\u00adni\u0148 Azer\u00adba\u00fd\u00adjan\u00adda ge\u00ad\u00e7i\u00adril\u00adme\u00adgi\u00adni tas\u00adsyk\u00adla\u00addy. Ta\u00adrap\u00adlar bu ka\u00adra\u00adry b\u00e4\u00ad\u015fin\u00adji umu\u00admy mej\u00adli\u00adsi\u0148 bar\u00ad\u015fyn\u00adda tas\u00adsyk\u00adla\u00addy\u00adlar.<br \/>\n9-njy de\u00adkabr\u00adda Azer\u00adba\u00fd\u00adja\u00adny\u0148 eko\u00adlo\u00adgi\u00ad\u00fda we te\u00adbi\u00adgy ba\u00fd\u00adlyk\u00adlar mi\u00adnist\u00adri Muh\u00adtar Ba\u00adba\u00ad\u00fdew gel\u00adjek \u00fdyl BMG-ni\u0148 Ho\u00adwa\u00adny\u0148 \u00fc\u00fdt\u00adge\u00adme\u00adgi ba\u00adra\u00adda\u00adky \u00c7ar\u00ad\u00e7u\u00adwa\u00adly kon\u00adwen\u00adsi\u00ad\u00fda\u00adsy\u00adna gat\u00adna\u00ad\u015fy\u00adjy\u00adla\u00adry\u0148 29-njy kon\u00adfe\u00adren\u00adsi\u00ad\u00fda\u00adsy\u00adny ge\u00ad\u00e7ir\u00admek \u00fc\u00e7in Res\u00adpub\u00adli\u00adka\u00adny\u0148 da\u00adla\u015f\u00adg\u00e4r\u00adli\u00adgi ba\u00adra\u00adda &#8220;umu\u00admy yla\u00adla\u00ad\u015fyk&#8221; ga\u00adza\u00adny\u00adlan\u00addy\u00adgy\u00adny ha\u00adbar ber\u00addi.<br \/>\nAzer\u00adba\u00fd\u00adja\u00adny\u0148 ar\u00adza\u00adly\u00adgy\u00adny\u0148 tas\u00adsyk\u00adlan\u00adma\u00adgy, COP28-e gat\u00adna\u015f\u00ad\u00fdan G\u00fcn\u00addo\u00adgar \u00ddew\u00adro\u00adpa to\u00adpa\u00adry\u00adny\u0148 ag\u00adza\u00adla\u00adry\u00adny\u0148 gol\u00adda\u00adwy\u00adny ta\u00adlap et\u00addi. Mas\u00adla\u00adha\u00adty\u0148 \u00e7\u00e4\u00adgin\u00adde ge\u00ad\u00e7i\u00adri\u00adlen se\u00adbit bi\u00adle\u00adle\u00ad\u015fi\u00adgi\u00adni\u0148 mas\u00adla\u00adha\u00adtyn\u00adda \u00fdurt\u00adlar Azer\u00adba\u00fd\u00adja\u00adny\u0148 da\u00adla\u015f\u00adg\u00e4r\u00adli\u00adgi\u00adni gol\u00adda\u00addy\u00adlar.<\/p>\n","protected":false},"excerpt":{"rendered":"<p>BMG-ni\u0148 Ho\u00adwa\u00adny\u0148 \u00fc\u00fdt\u00adge\u00adme\u00adgi ba\u00adra\u00adda\u00adky \u00c7ar\u00ad\u00e7u\u00adwa\u00adly kon\u00adwen\u00adsi\u00ad\u00fda\u00adsy\u00adny\u0148 do\u00adlan\u00addy\u00adry\u015f eda\u00adra\u00adsy bo\u00adlan Ta\u00adrap\u00adla\u00adry\u0148 kon\u00adfe\u00adren\u00adsi\u00ad\u00fda\u00adsy in\u00addi\u00adki COP29 sam\u00admi\u00adti\u00adni\u0148 Azer\u00adba\u00fd\u00adjan\u00adda ge\u00ad\u00e7i\u00adril\u00adme\u00adgi\u00adni tas\u00adsyk\u00adla\u00addy. Ta\u00adrap\u00adlar bu ka\u00adra\u00adry b\u00e4\u00ad\u015fin\u00adji umu\u00admy mej\u00adli\u00adsi\u0148 bar\u00ad\u015fyn\u00adda tas\u00adsyk\u00adla\u00addy\u00adlar. 9-njy de\u00adkabr\u00adda Azer\u00adba\u00fd\u00adja\u00adny\u0148 eko\u00adlo\u00adgi\u00ad\u00fda we te\u00adbi\u00adgy ba\u00fd\u00adlyk\u00adlar mi\u00adnist\u00adri Muh\u00adtar Ba\u00adba\u00ad\u00fdew gel\u00adjek \u00fdyl BMG-ni\u0148 Ho\u00adwa\u00adny\u0148 \u00fc\u00fdt\u00adge\u00adme\u00adgi ba\u00adra\u00adda\u00adky \u00c7ar\u00ad\u00e7u\u00adwa\u00adly kon\u00adwen\u00adsi\u00ad\u00fda\u00adsy\u00adna gat\u00adna\u00ad\u015fy\u00adjy\u00adla\u00adry\u0148 29-njy kon\u00adfe\u00adren\u00adsi\u00ad\u00fda\u00adsy\u00adny ge\u00ad\u00e7ir\u00admek \u00fc\u00e7in Res\u00adpub\u00adli\u00adka\u00adny\u0148 da\u00adla\u015f\u00adg\u00e4r\u00adli\u00adgi ba\u00adra\u00adda &#8220;umu\u00admy yla\u00adla\u00ad\u015fyk&#8221; ga\u00adza\u00adny\u00adlan\u00addy\u00adgy\u00adny ha\u00adbar [&hellip;]<\/p>\n","protected":false},"author":2,"featured_media":94881,"comment_status":"open","ping_status":"closed","sticky":false,"template":"","format":"standard","meta":{"footnotes":""},"categories":[5],"tags":[],"acf":[],"_links":{"self":[{"href":"https:\/\/zamanturkmenistan.com.tm\/index.php?rest_route=\/wp\/v2\/posts\/94880"}],"collection":[{"href":"https:\/\/zamanturkmenistan.com.tm\/index.php?rest_route=\/wp\/v2\/posts"}],"about":[{"href":"https:\/\/zamanturkmenistan.com.tm\/index.php?rest_route=\/wp\/v2\/types\/post"}],"author":[{"embeddable":true,"href":"https:\/\/zamanturkmenistan.com.tm\/index.php?rest_route=\/wp\/v2\/users\/2"}],"replies":[{"embeddable":true,"href":"https:\/\/zamanturkmenistan.com.tm\/index.php?rest_route=%2Fwp%2Fv2%2Fcomments&post=94880"}],"version-history":[{"count":1,"href":"https:\/\/zamanturkmenistan.com.tm\/index.php?rest_route=\/wp\/v2\/posts\/94880\/revisions"}],"predecessor-version":[{"id":94882,"href":"https:\/\/zamanturkmenistan.com.tm\/index.php?rest_route=\/wp\/v2\/posts\/94880\/revisions\/94882"}],"wp:featuredmedia":[{"embeddable":true,"href":"https:\/\/zamanturkmenistan.com.tm\/index.php?rest_route=\/wp\/v2\/media\/94881"}],"wp:attachment":[{"href":"https:\/\/zamanturkmenistan.com.tm\/index.php?rest_route=%2Fwp%2Fv2%2Fmedia&parent=94880"}],"wp:term":[{"taxonomy":"category","embeddable":true,"href":"https:\/\/zamanturkmenistan.com.tm\/index.php?rest_route=%2Fwp%2Fv2%2Fcategories&post=94880"},{"taxonomy":"post_tag","embeddable":true,"href":"https:\/\/zamanturkmenistan.com.tm\/index.php?rest_route=%2Fwp%2Fv2%2Ftags&post=94880"}],"curies":[{"name":"wp","href":"https:\/\/api.w.org\/{rel}","templated":true}]}}