{"id":95123,"date":"2023-12-15T18:48:08","date_gmt":"2023-12-15T13:48:08","guid":{"rendered":"https:\/\/zamanturkmenistan.com.tm\/?p=95123"},"modified":"2023-12-15T18:48:08","modified_gmt":"2023-12-15T13:48:08","slug":"huawei-fransiyada-zawod-gurar","status":"publish","type":"post","link":"https:\/\/zamanturkmenistan.com.tm\/?p=95123","title":{"rendered":"\u201cHuawei\u201d Fransi\u00fdada zawod gurar"},"content":{"rendered":"<p>Hyta\u00fdy\u0148 \u201cHuawei\u201d korporasi\u00fdasy Fransi\u00fdada zawod gurar. Maglumatlara g\u00f6r\u00e4, \u201cHuawei\u201d Fransi\u00fdada zawody\u0148 gurlu\u015fygyna 2024-nji \u00fdylda ba\u015flar. IT \u00e4girdini\u0148 zawodu\u0148 gurlu\u015fygyna 2020-nji \u00fdylda ba\u015flamagy me\u00fdille\u015fdirendigi, hatda 200 million \u00fdewro m\u00f6\u00e7berde ma\u00fda go\u00fdum bell\u00e4ndigi, \u00fd\u00f6ne pandemi\u00fda seb\u00e4pli me\u00fdilnamalary \u00fc\u00fdtgetmeli bolandygy habar beril\u00fd\u00e4r. Fransuz h\u00e4kimi\u00fdetleri 2022-nji \u00fdylda kompani\u00fdany\u0148 ygty\u00fdarnamasyny uzaltmak kararyna geldi. Maglumatlarda Hyta\u00fdy\u0148 \u00ddewropa Bilele\u015figinden we AB\u015e-dan so\u0148 Fransi\u00fdany\u0148 \u00fc\u00e7\u00fcnji uly s\u00f6wda hyzmatda\u015fydygy bellenil\u00fd\u00e4r. Fransi\u00fdada desgany\u0148 2025-nji \u00fdylda a\u00e7ylmagyna gara\u015fyl\u00fdar. Zawod Strasburgy\u0148 gola\u00fdyndaky Br\u00fdumat kommunasynda \u00fderle\u015fer. Zawod ykjam aragatna\u015fyk torlary \u00fc\u00e7in ni\u00fdetlenen enjamlary \u00f6nd\u00fcrer.<\/p>\n","protected":false},"excerpt":{"rendered":"<p>Hyta\u00fdy\u0148 \u201cHuawei\u201d korporasi\u00fdasy Fransi\u00fdada zawod gurar. Maglumatlara g\u00f6r\u00e4, \u201cHuawei\u201d Fransi\u00fdada zawody\u0148 gurlu\u015fygyna 2024-nji \u00fdylda ba\u015flar. IT \u00e4girdini\u0148 zawodu\u0148 gurlu\u015fygyna 2020-nji \u00fdylda ba\u015flamagy me\u00fdille\u015fdirendigi, hatda 200 million \u00fdewro m\u00f6\u00e7berde ma\u00fda go\u00fdum bell\u00e4ndigi, \u00fd\u00f6ne pandemi\u00fda seb\u00e4pli me\u00fdilnamalary \u00fc\u00fdtgetmeli bolandygy habar beril\u00fd\u00e4r. Fransuz h\u00e4kimi\u00fdetleri 2022-nji \u00fdylda kompani\u00fdany\u0148 ygty\u00fdarnamasyny uzaltmak kararyna geldi. Maglumatlarda Hyta\u00fdy\u0148 \u00ddewropa Bilele\u015figinden we AB\u015e-dan so\u0148 [&hellip;]<\/p>\n","protected":false},"author":2,"featured_media":95124,"comment_status":"open","ping_status":"closed","sticky":false,"template":"","format":"standard","meta":{"footnotes":""},"categories":[8],"tags":[],"acf":[],"_links":{"self":[{"href":"https:\/\/zamanturkmenistan.com.tm\/index.php?rest_route=\/wp\/v2\/posts\/95123"}],"collection":[{"href":"https:\/\/zamanturkmenistan.com.tm\/index.php?rest_route=\/wp\/v2\/posts"}],"about":[{"href":"https:\/\/zamanturkmenistan.com.tm\/index.php?rest_route=\/wp\/v2\/types\/post"}],"author":[{"embeddable":true,"href":"https:\/\/zamanturkmenistan.com.tm\/index.php?rest_route=\/wp\/v2\/users\/2"}],"replies":[{"embeddable":true,"href":"https:\/\/zamanturkmenistan.com.tm\/index.php?rest_route=%2Fwp%2Fv2%2Fcomments&post=95123"}],"version-history":[{"count":1,"href":"https:\/\/zamanturkmenistan.com.tm\/index.php?rest_route=\/wp\/v2\/posts\/95123\/revisions"}],"predecessor-version":[{"id":95125,"href":"https:\/\/zamanturkmenistan.com.tm\/index.php?rest_route=\/wp\/v2\/posts\/95123\/revisions\/95125"}],"wp:featuredmedia":[{"embeddable":true,"href":"https:\/\/zamanturkmenistan.com.tm\/index.php?rest_route=\/wp\/v2\/media\/95124"}],"wp:attachment":[{"href":"https:\/\/zamanturkmenistan.com.tm\/index.php?rest_route=%2Fwp%2Fv2%2Fmedia&parent=95123"}],"wp:term":[{"taxonomy":"category","embeddable":true,"href":"https:\/\/zamanturkmenistan.com.tm\/index.php?rest_route=%2Fwp%2Fv2%2Fcategories&post=95123"},{"taxonomy":"post_tag","embeddable":true,"href":"https:\/\/zamanturkmenistan.com.tm\/index.php?rest_route=%2Fwp%2Fv2%2Ftags&post=95123"}],"curies":[{"name":"wp","href":"https:\/\/api.w.org\/{rel}","templated":true}]}}