{"id":95133,"date":"2023-12-16T09:53:10","date_gmt":"2023-12-16T04:53:10","guid":{"rendered":"https:\/\/zamanturkmenistan.com.tm\/?p=95133"},"modified":"2023-12-16T09:53:10","modified_gmt":"2023-12-16T04:53:10","slug":"anewin-turki-dunyanin-medeni-paytagty-diylip-yglan-edilmegi-mynasybetli-2024-nji-yylda-geciriljek-carelerin-maksatnamasy","status":"publish","type":"post","link":"https:\/\/zamanturkmenistan.com.tm\/?p=95133","title":{"rendered":"\u00c4newi\u0148 \u00abT\u00fcrki d\u00fcn\u00fd\u00e4ni\u0148 medeni pa\u00fdtagty\u00bb di\u00fdlip yglan edilmegi mynasybetli 2024-nji \u00fdylda ge\u00e7iriljek \u00e7\u00e4releri\u0148 maksatnamasy"},"content":{"rendered":"<p>\u00ab\u00c4new \u2014 t\u00fcrki d\u00fcn\u00fd\u00e4ni\u0148 medeni pa\u00fdtagty \u2014 2024\u00bb \u00fdylyny\u0148 \u00e7\u00e4ginde T\u00fcrkmenistanda t\u00fcrki d\u00f6wletleri\u0148 medeni\u00fdet we sungat ussatlaryny\u0148, alymlaryny\u0148, \u017eurnalistlerini\u0148 we sy\u00fdahat\u00e7ylyk pudagyny\u0148 i\u015fg\u00e4rlerini\u0148 gatna\u015fmagynda birn\u00e4\u00e7e forumlary, festiwallary we konferensi\u00fdalary ge\u00e7irmek me\u00fdille\u015fdiril\u00fd\u00e4r.<br \/>\nBu uly \u00e7\u00e4releri\u0148 maksady medeni\u00fdet we sungat pudagynda halkara hyzmatda\u015flygyny g\u00fc\u00fd\u00e7lendirmekden, \u015fe\u00fdle hem gadymy \u00c4new \u015f\u00e4herini\u0148 ba\u00fd taryhyny we medeni mirasyny wagyz etmekden ybaratdyr.<br \/>\n\u00ab\u00c4new \u2014 t\u00fcrki d\u00fcn\u00fd\u00e4ni\u0148 medeni pa\u00fdtagty \u2014 2024\u00bb \u00fdylyny\u0148 a\u00e7yly\u015f dabarasy geljek \u00fdyly\u0148 22-nji martynda Ahal wela\u00fdatyny\u0148 Ak bugda\u00fd etrabyndaky \u00abT\u00fcrkmeni\u0148 ak \u00f6\u00fdi\u00bb binasynda ge\u00e7iriler. \u015ee\u00fdle-de ol \u00fderde t\u00fcrki d\u00f6wletleri\u0148 medeni\u00fdet we sungat ussatlaryny\u0148 uly konserti, suratke\u015flerini\u0148, fotosurat\u00e7ylary\u0148 hem-de amaly-ha\u015fam sungatyny\u0148 wekillerini\u0148 sergisi guralar.<br \/>\nAprel a\u00fdynda T\u00dcRKSO\u00dd-a agza \u00fdurtlary\u0148 \u017eurnalistleri we fotosurat\u00e7ylary \u00fc\u00e7in T\u00fcrkmenistany\u0148 g\u00f6zel \u00fderlerine metbugat sy\u00fdahatyny guramak me\u00fdille\u015fdiril\u00fd\u00e4r. Ma\u00fd a\u00fdyny\u0148 ahyrynda bolsa T\u00dcRKSO\u00dd-a agza \u00fdurtlary\u0148 sy\u00fdahat\u00e7ylyk agentliklerini\u0148 wekilleri \u00fc\u00e7in \u00fdurdu\u0148 taryhy we medeni g\u00f6zel \u00fderlerine sy\u00fdahat guralar.<br \/>\nAwgust a\u00fdynda t\u00fcrki d\u00f6wletleri\u0148 arheologlaryny\u0148 we binag\u00e4rlik sungatyny\u0148 h\u00fcn\u00e4rmenlerini\u0148 gatna\u015fmagynda \u00ab\u00c4newi\u0148 gadymy medeni\u00fdeti\u00bb atly halkara ylmy maslahaty ge\u00e7irmek me\u00fdille\u015fdiril\u00fd\u00e4r.<br \/>\n\u015ee\u00fdle-de, bu maksatnamada T\u00dcRKSO\u00dd-a agza \u00fdurtlary\u0148 Halkara \u00fda\u015flar forumyny ge\u00e7irmek hem g\u00f6z \u00f6\u0148\u00fcnde tut\u00fdar. Okt\u00fdabr a\u00fdynda ge\u00e7irilmegine gara\u015fyl\u00fdan bu \u00e7\u00e4r\u00e4ni\u0148 esasy maksady t\u00fcrki d\u00fcn\u00fd\u00e4ni\u0148 \u00fda\u015f alymlaryny\u0148 we sungat i\u015fg\u00e4rlerini\u0148 arasyndaky hyzmatda\u015flygy g\u00fc\u00fd\u00e7lendirmekden ybarat bolar.<br \/>\nOkt\u00fdabr a\u00fdynda T\u00fcrkmenistanda t\u00fcrki halklary\u0148 halk d\u00f6redijiligine we amaly-ha\u015fam sungatyna bagy\u015flanan halkara festiwaly, maslahat we sergi, \u015fe\u00fdle hem T\u00dcRKSO\u00dd-a agza \u00fdurtlary\u0148 II halkara teatr festiwaly ge\u00e7iriler.<br \/>\nNo\u00fdabr a\u00fdynda \u00abGorkut Ata\u00bb halkara film festiwaly, \u015fe\u00fdle hem \u00c4new \u015f\u00e4herini\u0148 2024-nji \u00fdylda t\u00fcrki d\u00fcn\u00fd\u00e4ni\u0148 medeni pa\u00fdtagty di\u00fdip yglan etmeklige bagy\u015flanan jemle\u00fdji \u00e7\u00e4releri ge\u00e7irmek me\u00fdille\u015fdiril\u00fd\u00e4r. Olary\u0148 hatarynda T\u00dcRKSO\u00dd-a agza \u00fdurtlary\u0148 Medeni\u00fdet ministrlerini\u0148 Hemi\u015felik Ge\u0148e\u015fini\u0148 mejlisi we t\u00fcrk dilli d\u00f6wletleri\u0148 medeni\u00fdet-sungat ussatlaryny\u0148 konserti bar.<br \/>\nMundan ba\u015fga-da, 2024-nji \u00fdyly\u0148 dowamynda t\u00fcrki halklary\u0148 taryhy we medeni mirasy barada kino we dokumental filmler hepdeligini guramak me\u00fdille\u015fdiril\u00fd\u00e4r.<br \/>\n\u015eol bir wagty\u0148 \u00f6z\u00fcnde T\u00fcrkmenistanda T\u00dcRKSO\u00dd-daky hyzmatda\u015flary bilen bilelikde \u00c4newi\u0148 taryhyna bagy\u015flanan \u00fd\u00f6rite \u017eurnal \u00e7ap ediler. \u015ee\u00fdle hem toma\u015fa\u00e7ylary gadymy \u015f\u00e4heri\u0148 medeni\u00fdeti bilen tany\u015fdyrjak we 2024-nji \u00fdylda T\u00dcRKSO\u00dd-a agza \u00fdurtlary\u0148 milli tele\u00fda\u00fdlymlarynda \u00fda\u00fdlyma beriljek wideo\u015fekili ta\u00fd\u00fdarlamak \u00fdaly me\u00fdilnamalar bar. Bu barada medeniyet.gov.tm habar ber\u00fd\u00e4r.<\/p>\n","protected":false},"excerpt":{"rendered":"<p>\u00ab\u00c4new \u2014 t\u00fcrki d\u00fcn\u00fd\u00e4ni\u0148 medeni pa\u00fdtagty \u2014 2024\u00bb \u00fdylyny\u0148 \u00e7\u00e4ginde T\u00fcrkmenistanda t\u00fcrki d\u00f6wletleri\u0148 medeni\u00fdet we sungat ussatlaryny\u0148, alymlaryny\u0148, \u017eurnalistlerini\u0148 we sy\u00fdahat\u00e7ylyk pudagyny\u0148 i\u015fg\u00e4rlerini\u0148 gatna\u015fmagynda birn\u00e4\u00e7e forumlary, festiwallary we konferensi\u00fdalary ge\u00e7irmek me\u00fdille\u015fdiril\u00fd\u00e4r. Bu uly \u00e7\u00e4releri\u0148 maksady medeni\u00fdet we sungat pudagynda halkara hyzmatda\u015flygyny g\u00fc\u00fd\u00e7lendirmekden, \u015fe\u00fdle hem gadymy \u00c4new \u015f\u00e4herini\u0148 ba\u00fd taryhyny we medeni mirasyny wagyz etmekden ybaratdyr. [&hellip;]<\/p>\n","protected":false},"author":2,"featured_media":91179,"comment_status":"open","ping_status":"closed","sticky":false,"template":"","format":"standard","meta":{"footnotes":""},"categories":[3,413],"tags":[],"acf":[],"_links":{"self":[{"href":"https:\/\/zamanturkmenistan.com.tm\/index.php?rest_route=\/wp\/v2\/posts\/95133"}],"collection":[{"href":"https:\/\/zamanturkmenistan.com.tm\/index.php?rest_route=\/wp\/v2\/posts"}],"about":[{"href":"https:\/\/zamanturkmenistan.com.tm\/index.php?rest_route=\/wp\/v2\/types\/post"}],"author":[{"embeddable":true,"href":"https:\/\/zamanturkmenistan.com.tm\/index.php?rest_route=\/wp\/v2\/users\/2"}],"replies":[{"embeddable":true,"href":"https:\/\/zamanturkmenistan.com.tm\/index.php?rest_route=%2Fwp%2Fv2%2Fcomments&post=95133"}],"version-history":[{"count":1,"href":"https:\/\/zamanturkmenistan.com.tm\/index.php?rest_route=\/wp\/v2\/posts\/95133\/revisions"}],"predecessor-version":[{"id":95134,"href":"https:\/\/zamanturkmenistan.com.tm\/index.php?rest_route=\/wp\/v2\/posts\/95133\/revisions\/95134"}],"wp:featuredmedia":[{"embeddable":true,"href":"https:\/\/zamanturkmenistan.com.tm\/index.php?rest_route=\/wp\/v2\/media\/91179"}],"wp:attachment":[{"href":"https:\/\/zamanturkmenistan.com.tm\/index.php?rest_route=%2Fwp%2Fv2%2Fmedia&parent=95133"}],"wp:term":[{"taxonomy":"category","embeddable":true,"href":"https:\/\/zamanturkmenistan.com.tm\/index.php?rest_route=%2Fwp%2Fv2%2Fcategories&post=95133"},{"taxonomy":"post_tag","embeddable":true,"href":"https:\/\/zamanturkmenistan.com.tm\/index.php?rest_route=%2Fwp%2Fv2%2Ftags&post=95133"}],"curies":[{"name":"wp","href":"https:\/\/api.w.org\/{rel}","templated":true}]}}