{"id":95583,"date":"2023-12-22T10:02:45","date_gmt":"2023-12-22T05:02:45","guid":{"rendered":"https:\/\/zamanturkmenistan.com.tm\/?p=95583"},"modified":"2023-12-22T10:02:45","modified_gmt":"2023-12-22T05:02:45","slug":"asgabatda-emir-rasenin-bayramcylyk-konserti-geciriler","status":"publish","type":"post","link":"https:\/\/zamanturkmenistan.com.tm\/?p=95583","title":{"rendered":"A\u015fgabatda Emir Raseni\u0148 ba\u00fdram\u00e7ylyk konserti ge\u00e7iriler"},"content":{"rendered":"<p>\u00ddetip gel\u00fd\u00e4n T\u00e4ze \u00fdyl ba\u00fdram\u00e7ylygy mynasybetli A\u015fgabatda asly t\u00fcrkmen, e\u00fdranly me\u015fhur a\u00fddym\u00e7y Emir Raseni\u0148 ba\u00fdram\u00e7ylyk konserti ge\u00e7iriler.<br \/>\nKonsert 24-nji dekabrda A\u015fgabat \u015f\u00e4herind\u00e4ki Gy\u015fky o\u00fdunlar sport toplumynda ge\u00e7iriler. Konserti\u0148 dowamynda e\u00fdranly me\u015fhur a\u00fddym\u00e7y Emior Rasen sungat \u00fdolunda \u00f6z\u00fcne \u00fcst\u00fcnlik getiren aja\u00fdyp a\u00fddymlary bilen \u00e7yky\u015f edip, Watanda\u015flarymyzy\u0148 T\u00e4ze \u00fdyl ba\u00fdram\u00e7ylyk \u015fatlygyny artdyrar.<br \/>\nKonsert 18:00-da ba\u015flanar.<br \/>\nHabarla\u015fmak \u00fc\u00e7in 21-26-58, 21-26-74, 21-26-71, 21-28-41 telefon belgilerine ja\u0148 edip bilersi\u0148iz!<br \/>\nM\u00e4hriban watanda\u015flar! Konserti\u0148 gurama\u00e7ylar topary sizi\u0148 T\u00e4ze \u00fdyl ba\u00fdram\u00e7ylyk \u015fatlygy\u0148yzy artdyrmak maksady bilen ge\u00e7iril\u00fd\u00e4n da\u015fary \u00fdurtly sungat ussatlaryny\u0148 konsertine gatna\u015fjak myhmanlardan konserti\u0148 wagtynda ba\u015flamagy \u00fc\u00e7in sagat 17:30-da \u00f6z bellenilen \u00fderleri\u0148izde oturmagy\u0148yzy ha\u00fdy\u015f ed\u00fd\u00e4r!<\/p>\n","protected":false},"excerpt":{"rendered":"<p>\u00ddetip gel\u00fd\u00e4n T\u00e4ze \u00fdyl ba\u00fdram\u00e7ylygy mynasybetli A\u015fgabatda asly t\u00fcrkmen, e\u00fdranly me\u015fhur a\u00fddym\u00e7y Emir Raseni\u0148 ba\u00fdram\u00e7ylyk konserti ge\u00e7iriler. Konsert 24-nji dekabrda A\u015fgabat \u015f\u00e4herind\u00e4ki Gy\u015fky o\u00fdunlar sport toplumynda ge\u00e7iriler. Konserti\u0148 dowamynda e\u00fdranly me\u015fhur a\u00fddym\u00e7y Emior Rasen sungat \u00fdolunda \u00f6z\u00fcne \u00fcst\u00fcnlik getiren aja\u00fdyp a\u00fddymlary bilen \u00e7yky\u015f edip, Watanda\u015flarymyzy\u0148 T\u00e4ze \u00fdyl ba\u00fdram\u00e7ylyk \u015fatlygyny artdyrar. Konsert 18:00-da ba\u015flanar. Habarla\u015fmak \u00fc\u00e7in [&hellip;]<\/p>\n","protected":false},"author":2,"featured_media":95584,"comment_status":"open","ping_status":"closed","sticky":false,"template":"","format":"standard","meta":{"footnotes":""},"categories":[8273],"tags":[],"acf":[],"_links":{"self":[{"href":"https:\/\/zamanturkmenistan.com.tm\/index.php?rest_route=\/wp\/v2\/posts\/95583"}],"collection":[{"href":"https:\/\/zamanturkmenistan.com.tm\/index.php?rest_route=\/wp\/v2\/posts"}],"about":[{"href":"https:\/\/zamanturkmenistan.com.tm\/index.php?rest_route=\/wp\/v2\/types\/post"}],"author":[{"embeddable":true,"href":"https:\/\/zamanturkmenistan.com.tm\/index.php?rest_route=\/wp\/v2\/users\/2"}],"replies":[{"embeddable":true,"href":"https:\/\/zamanturkmenistan.com.tm\/index.php?rest_route=%2Fwp%2Fv2%2Fcomments&post=95583"}],"version-history":[{"count":1,"href":"https:\/\/zamanturkmenistan.com.tm\/index.php?rest_route=\/wp\/v2\/posts\/95583\/revisions"}],"predecessor-version":[{"id":95585,"href":"https:\/\/zamanturkmenistan.com.tm\/index.php?rest_route=\/wp\/v2\/posts\/95583\/revisions\/95585"}],"wp:featuredmedia":[{"embeddable":true,"href":"https:\/\/zamanturkmenistan.com.tm\/index.php?rest_route=\/wp\/v2\/media\/95584"}],"wp:attachment":[{"href":"https:\/\/zamanturkmenistan.com.tm\/index.php?rest_route=%2Fwp%2Fv2%2Fmedia&parent=95583"}],"wp:term":[{"taxonomy":"category","embeddable":true,"href":"https:\/\/zamanturkmenistan.com.tm\/index.php?rest_route=%2Fwp%2Fv2%2Fcategories&post=95583"},{"taxonomy":"post_tag","embeddable":true,"href":"https:\/\/zamanturkmenistan.com.tm\/index.php?rest_route=%2Fwp%2Fv2%2Ftags&post=95583"}],"curies":[{"name":"wp","href":"https:\/\/api.w.org\/{rel}","templated":true}]}}