{"id":95742,"date":"2023-12-23T14:39:31","date_gmt":"2023-12-23T09:39:31","guid":{"rendered":"https:\/\/zamanturkmenistan.com.tm\/?p=95742"},"modified":"2023-12-23T14:39:31","modified_gmt":"2023-12-23T09:39:31","slug":"angola-opek-den-cykyandygyny-habar-berdi","status":"publish","type":"post","link":"https:\/\/zamanturkmenistan.com.tm\/?p=95742","title":{"rendered":"Angola OPEK-den \u00e7yk\u00fdandygyny habar berdi"},"content":{"rendered":"<p>Angola Nebit eksport ed\u00fd\u00e4n \u00fdurtlary\u0148 guramasyndan (OPEK) \u00e7yk\u00fdandygyny m\u00e4lim etdi. Bu barada Angola h\u00f6k\u00fcmetini\u0148 \u201cFacebook\u201d sahypasyndaky resmi sahypasynda habar berildi.<br \/>\n\u00ddurdy OPEK-den \u00e7ykarmak karary, pa\u00fdtagt Luandadaky Prezident k\u00f6\u015fg\u00fcnde ge\u00e7irilen Ministrler Ge\u0148e\u015fini\u0148 mejlisinden so\u0148 m\u00e4lim edildi.<br \/>\n-Angola hemi\u015fe \u00f6z \u00fcst\u00fcne alan bor\u00e7namalaryny \u00fderine \u00fdetirdi we OPEK-i\u0148 d\u00f6wrebapla\u015fdyrylmagyna hem-de \u00f6z agzalaryny\u0148 pe\u00fdda g\u00f6rmegine k\u00f6mek etmek \u00fc\u00e7in hemi\u015fe tagalla edip geldi. H\u00e4zirki wagtda Angola guramada galyp \u00f6z b\u00e4hbitlerini goramaga tagalla edeni bilen gazanjak zadymyz \u00fdok. \u015eo\u0148a g\u00f6r\u00e4-de, biz OPEK-den \u00e7ykmaly di\u00fden karara geldik &#8211; di\u00fdip, Angolany\u0148 nebit, gaz we mineral seri\u015fdeleri ministri Diamontino Azewedo a\u00fdtdy.<br \/>\n-Go\u015fandymyzy\u0148 we pikirlerimizi\u0148 hi\u00e7 hili t\u00e4siri \u00fdetme\u00fd\u00e4n guramada bolanymyzdan, ony terk etsek gowy bolar. OPEK-e 2006-njy \u00fdylda me\u00fdletin go\u015fuldyk, indi bolsa me\u00fdletinlik bilen ony terk ed\u00fd\u00e4ris. Bu zerur karar \u2013 di\u00fdip ministr belledi.<br \/>\nAngola, Saharany\u0148 g\u00fcnortasyndaky Afrikany\u0148 i\u0148 uly nebit eksport edijilerini\u0148 biridir.<\/p>\n","protected":false},"excerpt":{"rendered":"<p>Angola Nebit eksport ed\u00fd\u00e4n \u00fdurtlary\u0148 guramasyndan (OPEK) \u00e7yk\u00fdandygyny m\u00e4lim etdi. Bu barada Angola h\u00f6k\u00fcmetini\u0148 \u201cFacebook\u201d sahypasyndaky resmi sahypasynda habar berildi. \u00ddurdy OPEK-den \u00e7ykarmak karary, pa\u00fdtagt Luandadaky Prezident k\u00f6\u015fg\u00fcnde ge\u00e7irilen Ministrler Ge\u0148e\u015fini\u0148 mejlisinden so\u0148 m\u00e4lim edildi. -Angola hemi\u015fe \u00f6z \u00fcst\u00fcne alan bor\u00e7namalaryny \u00fderine \u00fdetirdi we OPEK-i\u0148 d\u00f6wrebapla\u015fdyrylmagyna hem-de \u00f6z agzalaryny\u0148 pe\u00fdda g\u00f6rmegine k\u00f6mek etmek \u00fc\u00e7in hemi\u015fe [&hellip;]<\/p>\n","protected":false},"author":2,"featured_media":81138,"comment_status":"open","ping_status":"closed","sticky":false,"template":"","format":"standard","meta":{"footnotes":""},"categories":[5],"tags":[],"acf":[],"_links":{"self":[{"href":"https:\/\/zamanturkmenistan.com.tm\/index.php?rest_route=\/wp\/v2\/posts\/95742"}],"collection":[{"href":"https:\/\/zamanturkmenistan.com.tm\/index.php?rest_route=\/wp\/v2\/posts"}],"about":[{"href":"https:\/\/zamanturkmenistan.com.tm\/index.php?rest_route=\/wp\/v2\/types\/post"}],"author":[{"embeddable":true,"href":"https:\/\/zamanturkmenistan.com.tm\/index.php?rest_route=\/wp\/v2\/users\/2"}],"replies":[{"embeddable":true,"href":"https:\/\/zamanturkmenistan.com.tm\/index.php?rest_route=%2Fwp%2Fv2%2Fcomments&post=95742"}],"version-history":[{"count":1,"href":"https:\/\/zamanturkmenistan.com.tm\/index.php?rest_route=\/wp\/v2\/posts\/95742\/revisions"}],"predecessor-version":[{"id":95743,"href":"https:\/\/zamanturkmenistan.com.tm\/index.php?rest_route=\/wp\/v2\/posts\/95742\/revisions\/95743"}],"wp:featuredmedia":[{"embeddable":true,"href":"https:\/\/zamanturkmenistan.com.tm\/index.php?rest_route=\/wp\/v2\/media\/81138"}],"wp:attachment":[{"href":"https:\/\/zamanturkmenistan.com.tm\/index.php?rest_route=%2Fwp%2Fv2%2Fmedia&parent=95742"}],"wp:term":[{"taxonomy":"category","embeddable":true,"href":"https:\/\/zamanturkmenistan.com.tm\/index.php?rest_route=%2Fwp%2Fv2%2Fcategories&post=95742"},{"taxonomy":"post_tag","embeddable":true,"href":"https:\/\/zamanturkmenistan.com.tm\/index.php?rest_route=%2Fwp%2Fv2%2Ftags&post=95742"}],"curies":[{"name":"wp","href":"https:\/\/api.w.org\/{rel}","templated":true}]}}