{"id":95761,"date":"2023-12-22T10:06:41","date_gmt":"2023-12-22T05:06:41","guid":{"rendered":"https:\/\/zamanturkmenistan.com.tm\/?p=95761"},"modified":"2023-12-25T10:12:25","modified_gmt":"2023-12-25T05:12:25","slug":"awstraliya-arkalasygyna-ilci-bellendi","status":"publish","type":"post","link":"https:\/\/zamanturkmenistan.com.tm\/?p=95761","title":{"rendered":"Awstrali\u00fda Arkala\u015fygyna il\u00e7i bellendi"},"content":{"rendered":"<p>T\u00fcrkmenistany\u0148 \u00ddaponi\u00fdadaky Adatdan da\u015fary we Doly ygty\u00fdarly il\u00e7isi Atadurdy Haldurdy\u00fdewi\u00e7 Ba\u00fdramowy, \u015fol bir wagtda, T\u00fcrkmenistany\u0148 Awstrali\u00fda Arkala\u015fygyndaky Adatdan da\u015fary we Doly ygty\u00fdarly il\u00e7isi (otur\u00fdan \u00fderi Tokio \u015f\u00e4heri) wezipesine bellemeli.<\/p>\n<p><strong>T\u00fcrkmenistany\u0148 Prezidenti<\/strong><br \/>\n<strong>Serdar Berdimuhamedow.<\/strong><\/p>\n<p>A\u015fgabat \u015f\u00e4heri, 2023-nji \u00fdyly\u0148 21-nji dekabry.<\/p>\n","protected":false},"excerpt":{"rendered":"<p>T\u00fcrkmenistany\u0148 \u00ddaponi\u00fdadaky Adatdan da\u015fary we Doly ygty\u00fdarly il\u00e7isi Atadurdy Haldurdy\u00fdewi\u00e7 Ba\u00fdramowy, \u015fol bir wagtda, T\u00fcrkmenistany\u0148 Awstrali\u00fda Arkala\u015fygyndaky Adatdan da\u015fary we Doly ygty\u00fdarly il\u00e7isi (otur\u00fdan \u00fderi Tokio \u015f\u00e4heri) wezipesine bellemeli. T\u00fcrkmenistany\u0148 Prezidenti Serdar Berdimuhamedow. A\u015fgabat \u015f\u00e4heri, 2023-nji \u00fdyly\u0148 21-nji dekabry.<\/p>\n","protected":false},"author":2,"featured_media":95762,"comment_status":"open","ping_status":"closed","sticky":false,"template":"","format":"standard","meta":{"footnotes":""},"categories":[3],"tags":[],"acf":[],"_links":{"self":[{"href":"https:\/\/zamanturkmenistan.com.tm\/index.php?rest_route=\/wp\/v2\/posts\/95761"}],"collection":[{"href":"https:\/\/zamanturkmenistan.com.tm\/index.php?rest_route=\/wp\/v2\/posts"}],"about":[{"href":"https:\/\/zamanturkmenistan.com.tm\/index.php?rest_route=\/wp\/v2\/types\/post"}],"author":[{"embeddable":true,"href":"https:\/\/zamanturkmenistan.com.tm\/index.php?rest_route=\/wp\/v2\/users\/2"}],"replies":[{"embeddable":true,"href":"https:\/\/zamanturkmenistan.com.tm\/index.php?rest_route=%2Fwp%2Fv2%2Fcomments&post=95761"}],"version-history":[{"count":1,"href":"https:\/\/zamanturkmenistan.com.tm\/index.php?rest_route=\/wp\/v2\/posts\/95761\/revisions"}],"predecessor-version":[{"id":95763,"href":"https:\/\/zamanturkmenistan.com.tm\/index.php?rest_route=\/wp\/v2\/posts\/95761\/revisions\/95763"}],"wp:featuredmedia":[{"embeddable":true,"href":"https:\/\/zamanturkmenistan.com.tm\/index.php?rest_route=\/wp\/v2\/media\/95762"}],"wp:attachment":[{"href":"https:\/\/zamanturkmenistan.com.tm\/index.php?rest_route=%2Fwp%2Fv2%2Fmedia&parent=95761"}],"wp:term":[{"taxonomy":"category","embeddable":true,"href":"https:\/\/zamanturkmenistan.com.tm\/index.php?rest_route=%2Fwp%2Fv2%2Fcategories&post=95761"},{"taxonomy":"post_tag","embeddable":true,"href":"https:\/\/zamanturkmenistan.com.tm\/index.php?rest_route=%2Fwp%2Fv2%2Ftags&post=95761"}],"curies":[{"name":"wp","href":"https:\/\/api.w.org\/{rel}","templated":true}]}}