{"id":95780,"date":"2023-12-22T11:50:54","date_gmt":"2023-12-22T06:50:54","guid":{"rendered":"https:\/\/zamanturkmenistan.com.tm\/?p=95780"},"modified":"2023-12-25T11:51:43","modified_gmt":"2023-12-25T06:51:43","slug":"bmg-nin-bas-assambleyasy-turkmenistanyn-baslangyjy-boyunca-kararnama-kabul-etdi-2","status":"publish","type":"post","link":"https:\/\/zamanturkmenistan.com.tm\/?p=95780","title":{"rendered":"BMG-ni\u0148 Ba\u015f Assamble\u00fdasy T\u00fcrkmenistany\u0148 ba\u015flangyjy bo\u00fdun\u00e7a kararnama kabul etdi"},"content":{"rendered":"<p>BMG-ni\u0148 Ba\u015f Assamble\u00fdasy 2023-nji \u00fdyly\u0148 19-njy dekabrynda 78-nji mejlisi\u0148 49-njy umumy mejlisinde biragyzdan \u015fu a\u015fakdaky kararnamany kabul etdi: \u201cDurnukly \u00f6s\u00fc\u015fi \u00fcpj\u00fcn etmekde ygtybarly we durnukly energi\u00fda birikmesini\u0148 esasy orny\u201d.<br \/>\nT\u00fcrkmenistany\u0148 ba\u015flangyjy bilen i\u015flenip d\u00fcz\u00fclen kararnama 38 d\u00f6wlet awtorda\u015flyk etdi.<br \/>\nKararnama, ykdysady integrasi\u00fdany we durnukly \u00f6s\u00fc\u015fi \u00fcpj\u00fcn etmek \u00fc\u00e7in milli, sebit we d\u00fcn\u00fd\u00e4 derejesinde, energi\u00fda birikmesini\u0148 ygtybarlylygyny hem-de durnuklylygyny \u00fcpj\u00fcn etmek maksady bilen, esasanda hemmeler \u00fc\u00e7in el\u00fdeterli, ygtybarly, dowamly we d\u00f6wrebap energi\u00fda \u00e7e\u015fmelerini \u00fcpj\u00fcn etmekde durnukly \u00f6s\u00fc\u015f pudagynda halkara hyzmatda\u015flygyny dowam etdirmegi talap ed\u00fd\u00e4r.<br \/>\nM\u00e4lim bol\u015fy \u00fdaly, T\u00fcrkmenistan 2024-nji \u00fdyly\u0148 ba\u015fynda strategi\u00fdalary ara alyp maslahatla\u015fmak, energi\u00fda birikmesini hem-de energi\u00fda \u00e7e\u015fmelerini\u0148 hereketini g\u00fc\u00fd\u00e7lendirmek ugrundaky hyzmatda\u015flygy \u00f6sd\u00fcrmek maksady bilen, durnukly \u00f6s\u00fc\u015fi gazanmakda we i\u00e7erki energi\u00fda \u00e7e\u015fmeleri \u00e7\u00e4kli \u00fdurtlary\u0148 isleglerini kanagatlandyrmakda olary\u0148 esasy ornuny ykrar etmek arkaly halkara h\u00fcn\u00e4rmenler du\u015fu\u015fygyny ge\u00e7irmegi teklip etdi.<\/p>\n","protected":false},"excerpt":{"rendered":"<p>BMG-ni\u0148 Ba\u015f Assamble\u00fdasy 2023-nji \u00fdyly\u0148 19-njy dekabrynda 78-nji mejlisi\u0148 49-njy umumy mejlisinde biragyzdan \u015fu a\u015fakdaky kararnamany kabul etdi: \u201cDurnukly \u00f6s\u00fc\u015fi \u00fcpj\u00fcn etmekde ygtybarly we durnukly energi\u00fda birikmesini\u0148 esasy orny\u201d. T\u00fcrkmenistany\u0148 ba\u015flangyjy bilen i\u015flenip d\u00fcz\u00fclen kararnama 38 d\u00f6wlet awtorda\u015flyk etdi. Kararnama, ykdysady integrasi\u00fdany we durnukly \u00f6s\u00fc\u015fi \u00fcpj\u00fcn etmek \u00fc\u00e7in milli, sebit we d\u00fcn\u00fd\u00e4 derejesinde, energi\u00fda birikmesini\u0148 [&hellip;]<\/p>\n","protected":false},"author":2,"featured_media":95781,"comment_status":"open","ping_status":"closed","sticky":false,"template":"","format":"standard","meta":{"footnotes":""},"categories":[3],"tags":[],"acf":[],"_links":{"self":[{"href":"https:\/\/zamanturkmenistan.com.tm\/index.php?rest_route=\/wp\/v2\/posts\/95780"}],"collection":[{"href":"https:\/\/zamanturkmenistan.com.tm\/index.php?rest_route=\/wp\/v2\/posts"}],"about":[{"href":"https:\/\/zamanturkmenistan.com.tm\/index.php?rest_route=\/wp\/v2\/types\/post"}],"author":[{"embeddable":true,"href":"https:\/\/zamanturkmenistan.com.tm\/index.php?rest_route=\/wp\/v2\/users\/2"}],"replies":[{"embeddable":true,"href":"https:\/\/zamanturkmenistan.com.tm\/index.php?rest_route=%2Fwp%2Fv2%2Fcomments&post=95780"}],"version-history":[{"count":1,"href":"https:\/\/zamanturkmenistan.com.tm\/index.php?rest_route=\/wp\/v2\/posts\/95780\/revisions"}],"predecessor-version":[{"id":95782,"href":"https:\/\/zamanturkmenistan.com.tm\/index.php?rest_route=\/wp\/v2\/posts\/95780\/revisions\/95782"}],"wp:featuredmedia":[{"embeddable":true,"href":"https:\/\/zamanturkmenistan.com.tm\/index.php?rest_route=\/wp\/v2\/media\/95781"}],"wp:attachment":[{"href":"https:\/\/zamanturkmenistan.com.tm\/index.php?rest_route=%2Fwp%2Fv2%2Fmedia&parent=95780"}],"wp:term":[{"taxonomy":"category","embeddable":true,"href":"https:\/\/zamanturkmenistan.com.tm\/index.php?rest_route=%2Fwp%2Fv2%2Fcategories&post=95780"},{"taxonomy":"post_tag","embeddable":true,"href":"https:\/\/zamanturkmenistan.com.tm\/index.php?rest_route=%2Fwp%2Fv2%2Ftags&post=95780"}],"curies":[{"name":"wp","href":"https:\/\/api.w.org\/{rel}","templated":true}]}}