{"id":96180,"date":"2024-12-31T07:01:57","date_gmt":"2024-12-31T02:01:57","guid":{"rendered":"https:\/\/zamanturkmenistan.com.tm\/?p=96180"},"modified":"2025-01-02T14:06:43","modified_gmt":"2025-01-02T09:06:43","slug":"31-nji-dekabr-yylyn-sonky-guni","status":"publish","type":"post","link":"https:\/\/zamanturkmenistan.com.tm\/?p=96180","title":{"rendered":"31-nji dekabr: \u00fdyly\u0148 so\u0148ky g\u00fcni"},"content":{"rendered":"<p>31-nji dekabr grigorian senenamasyny\u0148 so\u0148ky g\u00fcn\u00fcdir. K\u00f6p \u00fdurtda di\u0148e 1-nji \u00fdanwar dyn\u00e7 g\u00fcni hasaplan\u00fdan\u00fdan bolsa, k\u00e4bir \u00fdurtda 31-nji dekabr hem dyn\u00e7 g\u00fcni edil\u00fd\u00e4r. \u015ee\u00fdle-de bolsa, adamlar birek-biregi 31-nji dekabrda we ondan \u00f6\u0148 gutla\u00fdarlar we esasy ba\u00fdram\u00e7ylyk dabaralary \u015fol g\u00fcn ge\u00e7iril\u00fd\u00e4r.<br \/>\nGe\u00e7en asyry\u0148 ba\u015flarynda d\u00fcn\u00fd\u00e4ni\u0148 \u00e4hli \u00fdurdy di\u00fden \u00fdaly bu senenamany kabul ed\u00fd\u00e4r. Ondan \u00f6\u0148 g\u00fcndogar \u00fdurtlarynda hijri \u00fda-da \u015femsi senenamalar, g\u00fcnbatarda grigorian hem-de \u00fdulian senenama, k\u00f6p halklarda \u00fderli a\u00fd-g\u00fcn hasaby \u00fd\u00f6redil\u00fd\u00e4rdi. Halkara gatna\u015fyklary\u0148 we s\u00f6wdany\u0148 \u00f6smegi bilen bir bitewi senenamany\u0148 d\u00f6redilmegine zerurlyk du\u00fdul\u00fdar. Mysal \u00fc\u00e7in, bir g\u00e4mini\u0148, otlyny\u0148 bir porta ha\u00e7an geljekdigi \u00fda-da barjakdygy \u00fderli wagt bilen g\u00f6rkezilende mesele \u00fd\u00fcze \u00e7yk\u00fdardy. \u015eol seb\u00e4pli k\u00f6p \u00fdurt grigorian senenamasyna ge\u00e7di.<br \/>\n2000-nji \u00fdyly\u0148 31-nji dekabry bolsa, XX asyry\u0148 so\u0148ky g\u00fcni hem-de ikinji m\u00fc\u0148\u00fdyllygy\u0148 so\u0148ky g\u00fcni hasaplan\u00fdar. K\u00e4birleri bolsa 2000-nji \u00fdyly\u0148 1-nji \u00fdanwaryny (1999-njy \u00fdyly\u0148 31-nji dekabryndan 2000-nji \u00fdyly\u0148 1-nji \u00fdanwaryna ge\u00e7il\u00fd\u00e4n gije sagat 00:00) XXI asyry\u0148 ilkinji g\u00fcni hasapla\u00fdar.<\/p>\n","protected":false},"excerpt":{"rendered":"<p>31-nji dekabr grigorian senenamasyny\u0148 so\u0148ky g\u00fcn\u00fcdir. K\u00f6p \u00fdurtda di\u0148e 1-nji \u00fdanwar dyn\u00e7 g\u00fcni hasaplan\u00fdan\u00fdan bolsa, k\u00e4bir \u00fdurtda 31-nji dekabr hem dyn\u00e7 g\u00fcni edil\u00fd\u00e4r. \u015ee\u00fdle-de bolsa, adamlar birek-biregi 31-nji dekabrda we ondan \u00f6\u0148 gutla\u00fdarlar we esasy ba\u00fdram\u00e7ylyk dabaralary \u015fol g\u00fcn ge\u00e7iril\u00fd\u00e4r. Ge\u00e7en asyry\u0148 ba\u015flarynda d\u00fcn\u00fd\u00e4ni\u0148 \u00e4hli \u00fdurdy di\u00fden \u00fdaly bu senenamany kabul ed\u00fd\u00e4r. Ondan \u00f6\u0148 g\u00fcndogar [&hellip;]<\/p>\n","protected":false},"author":2,"featured_media":123658,"comment_status":"open","ping_status":"closed","sticky":false,"template":"","format":"standard","meta":{"footnotes":""},"categories":[402],"tags":[],"acf":[],"_links":{"self":[{"href":"https:\/\/zamanturkmenistan.com.tm\/index.php?rest_route=\/wp\/v2\/posts\/96180"}],"collection":[{"href":"https:\/\/zamanturkmenistan.com.tm\/index.php?rest_route=\/wp\/v2\/posts"}],"about":[{"href":"https:\/\/zamanturkmenistan.com.tm\/index.php?rest_route=\/wp\/v2\/types\/post"}],"author":[{"embeddable":true,"href":"https:\/\/zamanturkmenistan.com.tm\/index.php?rest_route=\/wp\/v2\/users\/2"}],"replies":[{"embeddable":true,"href":"https:\/\/zamanturkmenistan.com.tm\/index.php?rest_route=%2Fwp%2Fv2%2Fcomments&post=96180"}],"version-history":[{"count":2,"href":"https:\/\/zamanturkmenistan.com.tm\/index.php?rest_route=\/wp\/v2\/posts\/96180\/revisions"}],"predecessor-version":[{"id":123682,"href":"https:\/\/zamanturkmenistan.com.tm\/index.php?rest_route=\/wp\/v2\/posts\/96180\/revisions\/123682"}],"wp:featuredmedia":[{"embeddable":true,"href":"https:\/\/zamanturkmenistan.com.tm\/index.php?rest_route=\/wp\/v2\/media\/123658"}],"wp:attachment":[{"href":"https:\/\/zamanturkmenistan.com.tm\/index.php?rest_route=%2Fwp%2Fv2%2Fmedia&parent=96180"}],"wp:term":[{"taxonomy":"category","embeddable":true,"href":"https:\/\/zamanturkmenistan.com.tm\/index.php?rest_route=%2Fwp%2Fv2%2Fcategories&post=96180"},{"taxonomy":"post_tag","embeddable":true,"href":"https:\/\/zamanturkmenistan.com.tm\/index.php?rest_route=%2Fwp%2Fv2%2Ftags&post=96180"}],"curies":[{"name":"wp","href":"https:\/\/api.w.org\/{rel}","templated":true}]}}