{"id":96484,"date":"2024-01-05T14:50:01","date_gmt":"2024-01-05T09:50:01","guid":{"rendered":"https:\/\/zamanturkmenistan.com.tm\/?p=96484"},"modified":"2024-01-05T14:50:01","modified_gmt":"2024-01-05T09:50:01","slug":"sagcy-guycler-yewropa-saylawlarynda-ustunlik-gazanmaga-bil-baglayarlar","status":"publish","type":"post","link":"https:\/\/zamanturkmenistan.com.tm\/?p=96484","title":{"rendered":"Sag\u00e7y g\u00fc\u00fd\u00e7ler \u00ddewropa sa\u00fdlawlarynda \u00fcst\u00fcnlik gazanmaga bil bagla\u00fdarlar"},"content":{"rendered":"<p>\u00ddewropa parlamentini\u0148 dala\u015fg\u00e4rlerine ses beri\u015flikde sag\u00e7y g\u00fc\u00fd\u00e7ler k\u00f6p orun alyp biler. Emma birek-birege az goldaw ber\u00fd\u00e4n bu toparlar, bir sy\u00fdasy fraksi\u00fda d\u00f6retmek \u00e4htimallygy on\u00e7akly ulu d\u00e4l. I\u00fdun a\u00fdynda ge\u00e7iriljek \u00ddewropa parlamentine sa\u00fdlawlarda sag\u00e7y g\u00fc\u00fd\u00e7ler ep-esli \u00fcst\u00fcnlik gazanyp bilerler. \u015ee\u00fdle parti\u00fdalary\u0148 wekilleri gara\u015fsyz \u00fda-da adaty sag\u00e7y sy\u00fdasat\u00e7ylar bilen bilelikde k\u00e4bir h\u00f6k\u00fcmetlere girip, d\u00f6wlet dolandyry\u015fyna gatna\u015f\u00fdar.<br \/>\nSes beri\u015fligi\u0148 netijesini \u00e7akla\u00fdan \u201c\u00ddewropa sa\u00fdla\u00fdar\u201d guramasyndan \u00ddakub Rogowweski\u00fd, orunlary\u0148 sany bo\u00fdun\u00e7a a\u015fa sag\u00e7ylary\u0148 \u00ddewropa Parlamentinde ikinji orunda dur\u00fdan sy\u00fdasy g\u00fc\u00fd\u00e7 bolup biljekdigini \u00f6\u0148e s\u00fcr\u00fd\u00e4r:<br \/>\n&#8211; Bizi\u0148 maglumatlarymyza g\u00f6r\u00e4, so\u0148ky 3 \u00fdylda Marin Le Pen we Matteo Salwini tarapyndan \u00fdolba\u015f\u00e7ylyk edil\u00fd\u00e4n \u201c\u015eahsy\u00fdet we demokrati\u00fda\u201d (ID) parti\u00fdasy i\u0148 \u00fdokary orny e\u00fdele\u00fd\u00e4r. \u00ddewropany\u0148 konserwatorlary we reforma\u00e7ylary (ECR) \u00fdaly olar hem 12% ses alyp biler. Itali\u00fdany\u0148 Prem\u00fder-ministri Jorja Melonini\u0148 eginde\u015flerinini\u0148 we Pol\u015fada dolandyryjy hukuk we adalat parti\u00fdasy, takmynan, 11% sese e\u00fde bolar. H\u00e4zirki wagtda bu iki topary birle\u015fdirmek barada gyzgala\u0148ly ara alnyp maslahatla\u015fylan m\u00fcmkin\u00e7iligi g\u00f6z \u00f6\u0148\u00fcnde tutma\u00fdarys, \u00fd\u00f6ne olar bilelikde jemi 23% sese e\u00fde bolup biler. Sag\u00e7y \u00ddewropa halk parti\u00fdasy, (EPP) takmynan, \u015fol bir netij\u00e4ni gazanyp biler.<\/p>\n","protected":false},"excerpt":{"rendered":"<p>\u00ddewropa parlamentini\u0148 dala\u015fg\u00e4rlerine ses beri\u015flikde sag\u00e7y g\u00fc\u00fd\u00e7ler k\u00f6p orun alyp biler. Emma birek-birege az goldaw ber\u00fd\u00e4n bu toparlar, bir sy\u00fdasy fraksi\u00fda d\u00f6retmek \u00e4htimallygy on\u00e7akly ulu d\u00e4l. I\u00fdun a\u00fdynda ge\u00e7iriljek \u00ddewropa parlamentine sa\u00fdlawlarda sag\u00e7y g\u00fc\u00fd\u00e7ler ep-esli \u00fcst\u00fcnlik gazanyp bilerler. \u015ee\u00fdle parti\u00fdalary\u0148 wekilleri gara\u015fsyz \u00fda-da adaty sag\u00e7y sy\u00fdasat\u00e7ylar bilen bilelikde k\u00e4bir h\u00f6k\u00fcmetlere girip, d\u00f6wlet dolandyry\u015fyna gatna\u015f\u00fdar. Ses [&hellip;]<\/p>\n","protected":false},"author":2,"featured_media":96485,"comment_status":"open","ping_status":"closed","sticky":false,"template":"","format":"standard","meta":{"footnotes":""},"categories":[5],"tags":[],"acf":[],"_links":{"self":[{"href":"https:\/\/zamanturkmenistan.com.tm\/index.php?rest_route=\/wp\/v2\/posts\/96484"}],"collection":[{"href":"https:\/\/zamanturkmenistan.com.tm\/index.php?rest_route=\/wp\/v2\/posts"}],"about":[{"href":"https:\/\/zamanturkmenistan.com.tm\/index.php?rest_route=\/wp\/v2\/types\/post"}],"author":[{"embeddable":true,"href":"https:\/\/zamanturkmenistan.com.tm\/index.php?rest_route=\/wp\/v2\/users\/2"}],"replies":[{"embeddable":true,"href":"https:\/\/zamanturkmenistan.com.tm\/index.php?rest_route=%2Fwp%2Fv2%2Fcomments&post=96484"}],"version-history":[{"count":1,"href":"https:\/\/zamanturkmenistan.com.tm\/index.php?rest_route=\/wp\/v2\/posts\/96484\/revisions"}],"predecessor-version":[{"id":96486,"href":"https:\/\/zamanturkmenistan.com.tm\/index.php?rest_route=\/wp\/v2\/posts\/96484\/revisions\/96486"}],"wp:featuredmedia":[{"embeddable":true,"href":"https:\/\/zamanturkmenistan.com.tm\/index.php?rest_route=\/wp\/v2\/media\/96485"}],"wp:attachment":[{"href":"https:\/\/zamanturkmenistan.com.tm\/index.php?rest_route=%2Fwp%2Fv2%2Fmedia&parent=96484"}],"wp:term":[{"taxonomy":"category","embeddable":true,"href":"https:\/\/zamanturkmenistan.com.tm\/index.php?rest_route=%2Fwp%2Fv2%2Fcategories&post=96484"},{"taxonomy":"post_tag","embeddable":true,"href":"https:\/\/zamanturkmenistan.com.tm\/index.php?rest_route=%2Fwp%2Fv2%2Ftags&post=96484"}],"curies":[{"name":"wp","href":"https:\/\/api.w.org\/{rel}","templated":true}]}}