{"id":96490,"date":"2024-01-05T15:52:10","date_gmt":"2024-01-05T10:52:10","guid":{"rendered":"https:\/\/zamanturkmenistan.com.tm\/?p=96490"},"modified":"2024-01-05T14:54:02","modified_gmt":"2024-01-05T09:54:02","slug":"makron-notr-damyn-acyljak-senesini-yglan-etdi","status":"publish","type":"post","link":"https:\/\/zamanturkmenistan.com.tm\/?p=96490","title":{"rendered":"Makron Notr-Damy\u0148 a\u00e7yljak senesini yglan etdi"},"content":{"rendered":"<p>Fransi\u00fdany\u0148 Prezidenti Emmanuel Makron 2024-nji \u00fdyly\u0148 fransuzlary\u0148 durmu\u015fynda bu\u00fdsan\u00e7 we umyt \u00fdyly boljakdygyny a\u00fdtdy. Bu \u00fdyl Pari\u017ede Olimpi\u00fda o\u00fdunlary ge\u00e7iriler we Notr-Dam \u00f6z gapylaryny a\u00e7ar. Notr-Dam sobory 2024-nji \u00fdyly\u0148 8-nji dekabrynda hemmeler \u00fc\u00e7in a\u00e7yk bolar. H\u00fcn\u00e4rmenleri\u0148 me\u00fdille\u015fdiri\u015fi \u00fdaly ony dikeltmek \u00fc\u00e7in b\u00e4\u015f \u00fdyl gerek boldy.<br \/>\n\u201cNotr-Dame\u201d XII asyrda gurlup ba\u015flandy we ony gurmak \u00fc\u00e7in 200 \u00fdyla gola\u00fd wagt gerek boldy. Onu\u0148 me\u015fhur \u015fpilini XIX asyrda gurdular. 2019-njy \u00fdyly\u0148 15-nji aprelinde ybadathanada \u00fdangyn boldy. \u00ddangyny di\u0148e 14 sagatdan so\u0148 s\u00f6nd\u00fcrmek ba\u015fartdy. \u00ddangyn sobory\u0148 aga\u00e7 \u00fc\u00e7egini we gotika usulynda salnan \u015fpilini\u0148 \u00fc\u00e7den iki b\u00f6legini \u00fdok etdi.<\/p>\n","protected":false},"excerpt":{"rendered":"<p>Fransi\u00fdany\u0148 Prezidenti Emmanuel Makron 2024-nji \u00fdyly\u0148 fransuzlary\u0148 durmu\u015fynda bu\u00fdsan\u00e7 we umyt \u00fdyly boljakdygyny a\u00fdtdy. Bu \u00fdyl Pari\u017ede Olimpi\u00fda o\u00fdunlary ge\u00e7iriler we Notr-Dam \u00f6z gapylaryny a\u00e7ar. Notr-Dam sobory 2024-nji \u00fdyly\u0148 8-nji dekabrynda hemmeler \u00fc\u00e7in a\u00e7yk bolar. H\u00fcn\u00e4rmenleri\u0148 me\u00fdille\u015fdiri\u015fi \u00fdaly ony dikeltmek \u00fc\u00e7in b\u00e4\u015f \u00fdyl gerek boldy. \u201cNotr-Dame\u201d XII asyrda gurlup ba\u015flandy we ony gurmak \u00fc\u00e7in 200 [&hellip;]<\/p>\n","protected":false},"author":2,"featured_media":96491,"comment_status":"open","ping_status":"closed","sticky":false,"template":"","format":"standard","meta":{"footnotes":""},"categories":[5],"tags":[],"acf":[],"_links":{"self":[{"href":"https:\/\/zamanturkmenistan.com.tm\/index.php?rest_route=\/wp\/v2\/posts\/96490"}],"collection":[{"href":"https:\/\/zamanturkmenistan.com.tm\/index.php?rest_route=\/wp\/v2\/posts"}],"about":[{"href":"https:\/\/zamanturkmenistan.com.tm\/index.php?rest_route=\/wp\/v2\/types\/post"}],"author":[{"embeddable":true,"href":"https:\/\/zamanturkmenistan.com.tm\/index.php?rest_route=\/wp\/v2\/users\/2"}],"replies":[{"embeddable":true,"href":"https:\/\/zamanturkmenistan.com.tm\/index.php?rest_route=%2Fwp%2Fv2%2Fcomments&post=96490"}],"version-history":[{"count":1,"href":"https:\/\/zamanturkmenistan.com.tm\/index.php?rest_route=\/wp\/v2\/posts\/96490\/revisions"}],"predecessor-version":[{"id":96492,"href":"https:\/\/zamanturkmenistan.com.tm\/index.php?rest_route=\/wp\/v2\/posts\/96490\/revisions\/96492"}],"wp:featuredmedia":[{"embeddable":true,"href":"https:\/\/zamanturkmenistan.com.tm\/index.php?rest_route=\/wp\/v2\/media\/96491"}],"wp:attachment":[{"href":"https:\/\/zamanturkmenistan.com.tm\/index.php?rest_route=%2Fwp%2Fv2%2Fmedia&parent=96490"}],"wp:term":[{"taxonomy":"category","embeddable":true,"href":"https:\/\/zamanturkmenistan.com.tm\/index.php?rest_route=%2Fwp%2Fv2%2Fcategories&post=96490"},{"taxonomy":"post_tag","embeddable":true,"href":"https:\/\/zamanturkmenistan.com.tm\/index.php?rest_route=%2Fwp%2Fv2%2Ftags&post=96490"}],"curies":[{"name":"wp","href":"https:\/\/api.w.org\/{rel}","templated":true}]}}