{"id":96735,"date":"2024-01-09T11:49:52","date_gmt":"2024-01-09T06:49:52","guid":{"rendered":"https:\/\/zamanturkmenistan.com.tm\/?p=96735"},"modified":"2024-01-09T11:49:52","modified_gmt":"2024-01-09T06:49:52","slug":"apple-vision-pro-nyn-cykjak-wagty-malim-edildi","status":"publish","type":"post","link":"https:\/\/zamanturkmenistan.com.tm\/?p=96735","title":{"rendered":"\u201cApple Vision Pro\u201d-ny\u0148 \u00e7ykjak wagty m\u00e4lim edildi"},"content":{"rendered":"<p>\u201cApple\u201d kompani\u00fdasy gary\u015fyk hy\u00fdaly hakykat \u00e4\u00fdnegi \u201cVision Pro\u201d-ny\u0148 2-nji fewralda satuwa \u00e7ykaryljakdygyny m\u00e4lim etdi. Harydy 19-njy \u00fdanwardan ba\u015flap sargyt edip bolar. Tehnologi\u00fda \u00e4girdi ge\u00e7en \u00fdyl \u201cWWDC 2023\u201d sergisinde bu enjamy tany\u015fdyrypdy. \u00c4\u00fdnek ilki AB\u015e-daky \u201cApple Store\u201d-larda we internet d\u00fckanlarynda satuwa \u00e7ykarylar. Kompani\u00fdany\u0148 \u00fdolba\u015f\u00e7ysy Tim Kuk \u201cVision Pro\u201d-ny\u0148 adamlary\u0148 i\u015flemek, hyzmatda\u015flyk etmek, habarla\u015fmak, \u00fdatlamalaryny ga\u00fdtadan \u201cba\u015fdan ge\u00e7irmek\u201d we g\u00fc\u00fdmenmegi\u0148 lezzetini almak \u00fdaly g\u00fcndelik i\u015flerini\u0148 \u015fekili \u00fc\u00fdtgetjekdigini a\u00fdtdy. G\u00f6z\u00fc\u0148e dakyl\u00fdan enjamy\u0148 256 GB \u00fdady bolan g\u00f6rn\u00fc\u015fi 3 m\u00fc\u0148 499 dollardan satylar.<\/p>\n","protected":false},"excerpt":{"rendered":"<p>\u201cApple\u201d kompani\u00fdasy gary\u015fyk hy\u00fdaly hakykat \u00e4\u00fdnegi \u201cVision Pro\u201d-ny\u0148 2-nji fewralda satuwa \u00e7ykaryljakdygyny m\u00e4lim etdi. Harydy 19-njy \u00fdanwardan ba\u015flap sargyt edip bolar. Tehnologi\u00fda \u00e4girdi ge\u00e7en \u00fdyl \u201cWWDC 2023\u201d sergisinde bu enjamy tany\u015fdyrypdy. \u00c4\u00fdnek ilki AB\u015e-daky \u201cApple Store\u201d-larda we internet d\u00fckanlarynda satuwa \u00e7ykarylar. Kompani\u00fdany\u0148 \u00fdolba\u015f\u00e7ysy Tim Kuk \u201cVision Pro\u201d-ny\u0148 adamlary\u0148 i\u015flemek, hyzmatda\u015flyk etmek, habarla\u015fmak, \u00fdatlamalaryny ga\u00fdtadan \u201cba\u015fdan [&hellip;]<\/p>\n","protected":false},"author":2,"featured_media":96736,"comment_status":"open","ping_status":"closed","sticky":false,"template":"","format":"standard","meta":{"footnotes":""},"categories":[8],"tags":[],"acf":[],"_links":{"self":[{"href":"https:\/\/zamanturkmenistan.com.tm\/index.php?rest_route=\/wp\/v2\/posts\/96735"}],"collection":[{"href":"https:\/\/zamanturkmenistan.com.tm\/index.php?rest_route=\/wp\/v2\/posts"}],"about":[{"href":"https:\/\/zamanturkmenistan.com.tm\/index.php?rest_route=\/wp\/v2\/types\/post"}],"author":[{"embeddable":true,"href":"https:\/\/zamanturkmenistan.com.tm\/index.php?rest_route=\/wp\/v2\/users\/2"}],"replies":[{"embeddable":true,"href":"https:\/\/zamanturkmenistan.com.tm\/index.php?rest_route=%2Fwp%2Fv2%2Fcomments&post=96735"}],"version-history":[{"count":1,"href":"https:\/\/zamanturkmenistan.com.tm\/index.php?rest_route=\/wp\/v2\/posts\/96735\/revisions"}],"predecessor-version":[{"id":96737,"href":"https:\/\/zamanturkmenistan.com.tm\/index.php?rest_route=\/wp\/v2\/posts\/96735\/revisions\/96737"}],"wp:featuredmedia":[{"embeddable":true,"href":"https:\/\/zamanturkmenistan.com.tm\/index.php?rest_route=\/wp\/v2\/media\/96736"}],"wp:attachment":[{"href":"https:\/\/zamanturkmenistan.com.tm\/index.php?rest_route=%2Fwp%2Fv2%2Fmedia&parent=96735"}],"wp:term":[{"taxonomy":"category","embeddable":true,"href":"https:\/\/zamanturkmenistan.com.tm\/index.php?rest_route=%2Fwp%2Fv2%2Fcategories&post=96735"},{"taxonomy":"post_tag","embeddable":true,"href":"https:\/\/zamanturkmenistan.com.tm\/index.php?rest_route=%2Fwp%2Fv2%2Ftags&post=96735"}],"curies":[{"name":"wp","href":"https:\/\/api.w.org\/{rel}","templated":true}]}}