{"id":96787,"date":"2024-01-09T18:07:53","date_gmt":"2024-01-09T13:07:53","guid":{"rendered":"https:\/\/zamanturkmenistan.com.tm\/?p=96787"},"modified":"2024-01-09T18:07:53","modified_gmt":"2024-01-09T13:07:53","slug":"fransiyanyn-in-yas-premyer-ministri-boldy","status":"publish","type":"post","link":"https:\/\/zamanturkmenistan.com.tm\/?p=96787","title":{"rendered":"Fransi\u00fdany\u0148 i\u0148 \u00fda\u015f Prem\u00fder-ministri boldy"},"content":{"rendered":"<p>Fransi\u00fdany\u0148 bilim ministri Gabriel Attal Prezident Emmanuel Makrony\u0148 karary bilen Prem\u00fder-ministr wezipesine bellendi. Bu barada BFMTV tele\u00fda\u00fdlymy habar berdi. 8-nji \u00fdanwarda 2022-nji \u00fdyly\u0148 ma\u00fd a\u00fdyndan b\u00e4ri bu wezipesini e\u00fdel\u00e4p gel\u00fd\u00e4n Elizabet Born wezipesinden \u00e7ekil\u00fd\u00e4ndigini m\u00e4lim edipdi.<br \/>\n\u015ee\u00fdlelikde, 34 \u00fda\u015fly Attal Fransi\u00fdany\u0148 taryhynda i\u0148 \u00fda\u015f h\u00f6k\u00fcmet \u00fdolba\u015f\u00e7ysy boldy. Mundan ozal, 1984-nji \u00fdylda Laurent Fabius 37 \u00fda\u015fynda Ministrler Kabinetini\u0148 ba\u015flygy wezipesine bellenipdi. Attal 1989-njy \u00fdyly\u0148 16-njy martynda Pari\u017ei\u0148 etegind\u00e4ki Klamar \u015f\u00e4her\u00e7esinde d\u00fcn\u00fd\u00e4 indi. Onu\u0148 kakasy, aklaw\u00e7y Iw Attal tunisli \u00fdewre\u00fd ma\u015fgalasynda d\u00fcn\u00fd\u00e4 indi, ejesi \u00f6n\u00fcm\u00e7ilik kompani\u00fdasynda i\u015fle\u00fd\u00e4n prawoslaw hristian Mari de Kursis Odessadan Fransi\u00fda g\u00f6\u00e7\u00fcp gelen ak\u00fdagyz emigrant ma\u015fgalasyndandy. Ol pa\u00fdtagty\u0148 Sy\u00fdasy ylymlar institutynda bilim aldy. \u015ee\u00fdle hem, Pari\u017e II uniwersitetinden (Pantheon-Assas) hukuk bo\u00fdun\u00e7a h\u00fcn\u00e4rmen derejesini al\u00fdar.<br \/>\nAttal \u00f6z\u00fcni\u0148 sy\u00fdasy kar\u00fderasyna Sosialistik parti\u00fdany\u0148 hataryndan ba\u015flady. Makron \u201cRespublika \u00fd\u00f6ri\u015fde\u201d hereketini d\u00f6redeninden so\u0148, Attal onu\u0148 esasy agzasy we d\u00f6wlet Ba\u015ftutanyny\u0148 \u00fdakyn hyzmatda\u015fy boldy. \u00dda\u015f sy\u00fdasat\u00e7y \u015fol herekete agza bolandan so\u0148 parlamente sa\u00fdlandy. 2020-nji \u00fdylda Makrony\u0148 teklibi bilen Attal d\u00f6wlet sekretary hem-de h\u00f6k\u00fcmeti\u0148 resmi wekili boldy.<br \/>\nOl 2022-nji \u00fdyly\u0148 ma\u00fd a\u00fdynda Ykdysady\u00fdet ministrliginde d\u00f6wlet hasaplaryna jogapk\u00e4r ministr wezipesine bellendi. 2023-nji \u00fdyly\u0148 i\u00fdulynda o\u0148a Bilim ministrligine \u00fdolba\u015f\u00e7ylyk etmek ynanyldy. Bu wezipelerde Attal ba\u015farnykly, gujurly we maksada okgunly sy\u00fdasat\u00e7y h\u00f6km\u00fcnde \u00f6z\u00fcni tanatdy. Sy\u00fdasy bilermenler Attaly\u0148 t\u00e4ze wezipesind\u00e4ki esasy maksatlaryny\u0148 biri, dolandyryjy \u201cRenessans\u201d parti\u00fdasyny\u0148 i\u00fdun a\u00fdynda \u00ddewropa Parlamentine ge\u00e7iriljek sa\u00fdlawlarynda \u00fcst\u00fcnlik gazanmagyny \u00fcpj\u00fcn etmekden ybarat boljakdygyny \u00e7akla\u00fdarlar.<\/p>\n","protected":false},"excerpt":{"rendered":"<p>Fransi\u00fdany\u0148 bilim ministri Gabriel Attal Prezident Emmanuel Makrony\u0148 karary bilen Prem\u00fder-ministr wezipesine bellendi. Bu barada BFMTV tele\u00fda\u00fdlymy habar berdi. 8-nji \u00fdanwarda 2022-nji \u00fdyly\u0148 ma\u00fd a\u00fdyndan b\u00e4ri bu wezipesini e\u00fdel\u00e4p gel\u00fd\u00e4n Elizabet Born wezipesinden \u00e7ekil\u00fd\u00e4ndigini m\u00e4lim edipdi. \u015ee\u00fdlelikde, 34 \u00fda\u015fly Attal Fransi\u00fdany\u0148 taryhynda i\u0148 \u00fda\u015f h\u00f6k\u00fcmet \u00fdolba\u015f\u00e7ysy boldy. Mundan ozal, 1984-nji \u00fdylda Laurent Fabius 37 \u00fda\u015fynda [&hellip;]<\/p>\n","protected":false},"author":2,"featured_media":96788,"comment_status":"open","ping_status":"closed","sticky":false,"template":"","format":"standard","meta":{"footnotes":""},"categories":[5],"tags":[],"acf":[],"_links":{"self":[{"href":"https:\/\/zamanturkmenistan.com.tm\/index.php?rest_route=\/wp\/v2\/posts\/96787"}],"collection":[{"href":"https:\/\/zamanturkmenistan.com.tm\/index.php?rest_route=\/wp\/v2\/posts"}],"about":[{"href":"https:\/\/zamanturkmenistan.com.tm\/index.php?rest_route=\/wp\/v2\/types\/post"}],"author":[{"embeddable":true,"href":"https:\/\/zamanturkmenistan.com.tm\/index.php?rest_route=\/wp\/v2\/users\/2"}],"replies":[{"embeddable":true,"href":"https:\/\/zamanturkmenistan.com.tm\/index.php?rest_route=%2Fwp%2Fv2%2Fcomments&post=96787"}],"version-history":[{"count":1,"href":"https:\/\/zamanturkmenistan.com.tm\/index.php?rest_route=\/wp\/v2\/posts\/96787\/revisions"}],"predecessor-version":[{"id":96789,"href":"https:\/\/zamanturkmenistan.com.tm\/index.php?rest_route=\/wp\/v2\/posts\/96787\/revisions\/96789"}],"wp:featuredmedia":[{"embeddable":true,"href":"https:\/\/zamanturkmenistan.com.tm\/index.php?rest_route=\/wp\/v2\/media\/96788"}],"wp:attachment":[{"href":"https:\/\/zamanturkmenistan.com.tm\/index.php?rest_route=%2Fwp%2Fv2%2Fmedia&parent=96787"}],"wp:term":[{"taxonomy":"category","embeddable":true,"href":"https:\/\/zamanturkmenistan.com.tm\/index.php?rest_route=%2Fwp%2Fv2%2Fcategories&post=96787"},{"taxonomy":"post_tag","embeddable":true,"href":"https:\/\/zamanturkmenistan.com.tm\/index.php?rest_route=%2Fwp%2Fv2%2Ftags&post=96787"}],"curies":[{"name":"wp","href":"https:\/\/api.w.org\/{rel}","templated":true}]}}