{"id":97270,"date":"2026-01-17T09:03:16","date_gmt":"2026-01-17T04:03:16","guid":{"rendered":"https:\/\/zamanturkmenistan.com.tm\/?p=97270"},"modified":"2026-01-17T09:43:42","modified_gmt":"2026-01-17T04:43:42","slug":"don-kihot-romany-cap-edilyar","status":"publish","type":"post","link":"https:\/\/zamanturkmenistan.com.tm\/?p=97270","title":{"rendered":"\u201cDon Kihot\u201d romany \u00e7ap edil\u00fd\u00e4r"},"content":{"rendered":"<p>1605-nji \u00fdyly\u0148 17-nji \u00fdanwarynda ispan \u00fdazyjysy <a href=\"https:\/\/zamanturkmenistan.com.tm\/?p=10538&amp;lang=ru\">Migel de Serwantesi\u0148<\/a> \u201c\u00ddeser idalgo Don Kihot laman\u00e7aly\u201d romany (gysga\u00e7a \u201cDon Kihot\u201d hem di\u00fdil\u00fdar) ne\u015fir edil\u00fd\u00e4r. On \u00fdyldan so\u0148ra eseri\u0148 ikinji jildi \u00e7ap edil\u00fd\u00e4r. H\u00e4zirki wagtda hem s\u00f6\u00fdl\u00fcp okal\u00fdan bu eser d\u00fcrli dillere terjime edilip, d\u00fcn\u00fd\u00e4 nusgawy edebi\u00fdatynda uly orun e\u00fdeledi.<\/p>\n","protected":false},"excerpt":{"rendered":"<p>1605-nji \u00fdyly\u0148 17-nji \u00fdanwarynda ispan \u00fdazyjysy Migel de Serwantesi\u0148 \u201c\u00ddeser idalgo Don Kihot laman\u00e7aly\u201d romany (gysga\u00e7a \u201cDon Kihot\u201d hem di\u00fdil\u00fdar) ne\u015fir edil\u00fd\u00e4r. On \u00fdyldan so\u0148ra eseri\u0148 ikinji jildi \u00e7ap edil\u00fd\u00e4r. H\u00e4zirki wagtda hem s\u00f6\u00fdl\u00fcp okal\u00fdan bu eser d\u00fcrli dillere terjime edilip, d\u00fcn\u00fd\u00e4 nusgawy edebi\u00fdatynda uly orun e\u00fdeledi.<\/p>\n","protected":false},"author":2,"featured_media":97282,"comment_status":"open","ping_status":"closed","sticky":false,"template":"","format":"standard","meta":{"footnotes":""},"categories":[402],"tags":[],"acf":[],"_links":{"self":[{"href":"https:\/\/zamanturkmenistan.com.tm\/index.php?rest_route=\/wp\/v2\/posts\/97270"}],"collection":[{"href":"https:\/\/zamanturkmenistan.com.tm\/index.php?rest_route=\/wp\/v2\/posts"}],"about":[{"href":"https:\/\/zamanturkmenistan.com.tm\/index.php?rest_route=\/wp\/v2\/types\/post"}],"author":[{"embeddable":true,"href":"https:\/\/zamanturkmenistan.com.tm\/index.php?rest_route=\/wp\/v2\/users\/2"}],"replies":[{"embeddable":true,"href":"https:\/\/zamanturkmenistan.com.tm\/index.php?rest_route=%2Fwp%2Fv2%2Fcomments&post=97270"}],"version-history":[{"count":1,"href":"https:\/\/zamanturkmenistan.com.tm\/index.php?rest_route=\/wp\/v2\/posts\/97270\/revisions"}],"predecessor-version":[{"id":97271,"href":"https:\/\/zamanturkmenistan.com.tm\/index.php?rest_route=\/wp\/v2\/posts\/97270\/revisions\/97271"}],"wp:featuredmedia":[{"embeddable":true,"href":"https:\/\/zamanturkmenistan.com.tm\/index.php?rest_route=\/wp\/v2\/media\/97282"}],"wp:attachment":[{"href":"https:\/\/zamanturkmenistan.com.tm\/index.php?rest_route=%2Fwp%2Fv2%2Fmedia&parent=97270"}],"wp:term":[{"taxonomy":"category","embeddable":true,"href":"https:\/\/zamanturkmenistan.com.tm\/index.php?rest_route=%2Fwp%2Fv2%2Fcategories&post=97270"},{"taxonomy":"post_tag","embeddable":true,"href":"https:\/\/zamanturkmenistan.com.tm\/index.php?rest_route=%2Fwp%2Fv2%2Ftags&post=97270"}],"curies":[{"name":"wp","href":"https:\/\/api.w.org\/{rel}","templated":true}]}}